{"id":10328,"date":"2021-01-21T13:58:40","date_gmt":"2021-01-21T19:58:40","guid":{"rendered":"https:\/\/encuentroinformativo.com.mx\/?p=10328"},"modified":"2021-01-21T13:58:43","modified_gmt":"2021-01-21T19:58:43","slug":"seis-colonias-de-alvarado-llevan-un-mes-sin-agua","status":"publish","type":"post","link":"https:\/\/encuentroinformativo.com.mx\/?p=10328","title":{"rendered":"Seis colonias de Alvarado llevan un mes sin agua"},"content":{"rendered":"\n<p><strong>Alejandro \u00c1vila<\/strong><\/p>\n\n\n\n<p>Alvarado, Ver.- Vecinos de 6 colonias de la cabecera municipal de Alvarado firmaron un documento que fue entregado a Catalina Nicanor Valencia, Jefa de la Oficina Operadora de CAEV Alvarado, pues desde el 24 de diciembre carecen del suministro de agua.<\/p>\n\n\n\n<p>Seg\u00fan se especifica en el documento, el 24 de diciembre se quem\u00f3 la bomba del pozo n\u00famero 3, ubicado en la calle Joaqu\u00edn Mart\u00ednez entre Aldama y Nezahualcoyotl, mismo que abastece del l\u00edquido a cerca de 1 200 familias, aproximadamente.<\/p>\n\n\n\n<p>En dicho oficio, con sello de recibido por la oficina de CAEV Alvarado el pasado 20 de enero, se hacen puntuales peticiones.<\/p>\n\n\n\n<p>El restablecimiento del servicio de agua potable a la brevedad posible; el abastecimiento de agua a las colonias cada tercer d\u00eda, mientras dure la reparaci\u00f3n de la bomba; el reajuste del pago del servicio durante el mes de enero, pues hasta no pueden pagar algo que no han recibido; realizar estudios y analisis del agua en el pozo 3, ya que acusan es demasiado salina para el uso domestico.<\/p>\n\n\n\n<p>Finalmente se aclara, que de no atender sus peticiones, las medidas a tomar para volver a contar con un servicio de agua potable, eficiente y de calidad, podr\u00edan ser m\u00e1s extremas.<\/p>\n\n\n\n<p>Este mismo miercoles, el Ayuntamiento se Alvarado que encabeza el alcalde Bogar Ruiz Rosas, gir\u00f3 un oficio donde solicita al Gobierno del Estado le notifique de que manera podr\u00eda iniciar los tr\u00e1mites para que el municipio se haga cargo de suministrar y cobrar el servicio de agua potable, toda vez que aclara, cuentan con las condiciones necesarias para hacerlo, y recalca, el trabajo realizado por al CAEV durante a\u00f1os, ha dejado mucho que desear.<\/p>\n","protected":false},"excerpt":{"rendered":"<p>Alejandro \u00c1vila Alvarado, Ver.- Vecinos de 6 colonias de la cabecera municipal de Alvarado firmaron un documento que fue entregado a Catalina Nicanor Valencia, Jefa de la Oficina Operadora de CAEV Alvarado, pues desde el 24 de diciembre carecen del suministro de agua. Seg\u00fan se especifica en el documento, el 24 de diciembre se quem\u00f3 [&hellip;]<\/p>\n","protected":false},"author":1,"featured_media":10327,"comment_status":"open","ping_status":"open","sticky":false,"template":"","format":"standard","meta":{"_jetpack_memberships_contains_paid_content":false,"footnotes":""},"categories":[2],"tags":[],"class_list":["post-10328","post","type-post","status-publish","format-standard","has-post-thumbnail","hentry","category-estado"],"jetpack_featured_media_url":"https:\/\/encuentroinformativo.com.mx\/wp-content\/uploads\/2021\/01\/1A837AE2-FAFB-4C59-A210-B57EEE895466.jpeg","jetpack_sharing_enabled":true,"jetpack_likes_enabled":true,"amp_enabled":true,"_links":{"self":[{"href":"https:\/\/encuentroinformativo.com.mx\/index.php?rest_route=\/wp\/v2\/posts\/10328","targetHints":{"allow":["GET"]}}],"collection":[{"href":"https:\/\/encuentroinformativo.com.mx\/index.php?rest_route=\/wp\/v2\/posts"}],"about":[{"href":"https:\/\/encuentroinformativo.com.mx\/index.php?rest_route=\/wp\/v2\/types\/post"}],"author":[{"embeddable":true,"href":"https:\/\/encuentroinformativo.com.mx\/index.php?rest_route=\/wp\/v2\/users\/1"}],"replies":[{"embeddable":true,"href":"https:\/\/encuentroinformativo.com.mx\/index.php?rest_route=%2Fwp%2Fv2%2Fcomments&post=10328"}],"version-history":[{"count":1,"href":"https:\/\/encuentroinformativo.com.mx\/index.php?rest_route=\/wp\/v2\/posts\/10328\/revisions"}],"predecessor-version":[{"id":10329,"href":"https:\/\/encuentroinformativo.com.mx\/index.php?rest_route=\/wp\/v2\/posts\/10328\/revisions\/10329"}],"wp:featuredmedia":[{"embeddable":true,"href":"https:\/\/encuentroinformativo.com.mx\/index.php?rest_route=\/wp\/v2\/media\/10327"}],"wp:attachment":[{"href":"https:\/\/encuentroinformativo.com.mx\/index.php?rest_route=%2Fwp%2Fv2%2Fmedia&parent=10328"}],"wp:term":[{"taxonomy":"category","embeddable":true,"href":"https:\/\/encuentroinformativo.com.mx\/index.php?rest_route=%2Fwp%2Fv2%2Fcategories&post=10328"},{"taxonomy":"post_tag","embeddable":true,"href":"https:\/\/encuentroinformativo.com.mx\/index.php?rest_route=%2Fwp%2Fv2%2Ftags&post=10328"}],"curies":[{"name":"wp","href":"https:\/\/api.w.org\/{rel}","templated":true}]}}