{"id":10343,"date":"2021-01-21T15:12:15","date_gmt":"2021-01-21T21:12:15","guid":{"rendered":"https:\/\/encuentroinformativo.com.mx\/?p=10343"},"modified":"2021-01-21T15:12:57","modified_gmt":"2021-01-21T21:12:57","slug":"reubicacion-de-invasores-compete-a-gobierno-afirma-alcalde","status":"publish","type":"post","link":"https:\/\/encuentroinformativo.com.mx\/?p=10343","title":{"rendered":"Reubicaci\u00f3n de invasores compete a Gobierno, afirma alcalde"},"content":{"rendered":"\n<p><strong>Alejandro \u00c1vila<\/strong><\/p>\n\n\n\n<p>Veracruz, Ver.- A pesar de un desalojo violento de \u201cinvasores\u201d de la Laguna Olmeca, estos volvieron a asentarse y levantar sus casas en esta semana, incluso, este mi\u00e9rcoles hubo otro intento de desalojo que qued\u00f3 truncado por la Procuradur\u00eda de Medio Ambiente (PMA), pero a\u00fan se desconoce el motivo por el cual desistieron de su acci\u00f3n.<\/p>\n\n\n\n<p>Ante esto, el alcalde de Veracruz, Fernando Yunes M\u00e1rquez, aclar\u00f3 que la reubicaci\u00f3n de estas familias vulnerables corresponde al Gobierno del Estado de Veracruz, puesto que es un sitio que cuenta como \u00e1rea natural protegida y est\u00e1 bajo la supervisi\u00f3n de la Secretar\u00eda de Medio Ambiente.<\/p>\n\n\n\n<p>Los invasores aseguran que se han instalado en ese sitio, debido a que no cuentan con recursos para poder vivir en otro lugar.<\/p>\n\n\n\n<p>\u201cNo porque no nos han buscado tampoco, e insisto es un tema de responsabilidad estatal, nosotros cuando han sido terrenos municipales tratamos de ver la manera, pero tambi\u00e9n hay que decir que no es un tema tan sencillo como para decirles \u2018te regalo un terreno\u00b4, porque nosotros no podemos regalar terrenos municipales por pura gana nuestra, el Estado es quien deber\u00eda buscarles una soluci\u00f3n, el estado es quien tiene mayor reserva territorial dentro del municipio y ellos pudieran llevar un programa de este tipo\u201d, subray\u00f3 el edil panista.<\/p>\n\n\n\n<p>Las familias que ah\u00ed se est\u00e1n asentado de manera irregular, han declarado a medios de comunicaci\u00f3n que no es f\u00e1cil conseguir a donde vivir, pues la mayor\u00eda de ellos viven en pobreza extrema y apenas tienen para comer.<\/p>\n\n\n\n<p>Algunas de esas familias viven hacinadas, duermen en catres y su \u00fanico apoyo es la comida que les regalan, lo poco que obtienen con trabajos informales o lo que a\u00fan les queda de un huerto que ellos sembraron en las inmediaciones.<\/p>\n\n\n\n<p>Explicaron que aunque est\u00e1n conscientes de que est\u00e1n haciendo mal en desobedecer la Ley, no tienen otra opci\u00f3n, la mayor\u00eda de ellos son personas mayores o ni\u00f1os que no tienen oportunidad de trabajo.<\/p>\n","protected":false},"excerpt":{"rendered":"<p>Alejandro \u00c1vila Veracruz, Ver.- A pesar de un desalojo violento de \u201cinvasores\u201d de la Laguna Olmeca, estos volvieron a asentarse y levantar sus casas en esta semana, incluso, este mi\u00e9rcoles hubo otro intento de desalojo que qued\u00f3 truncado por la Procuradur\u00eda de Medio Ambiente (PMA), pero a\u00fan se desconoce el motivo por el cual desistieron [&hellip;]<\/p>\n","protected":false},"author":1,"featured_media":10344,"comment_status":"open","ping_status":"open","sticky":false,"template":"","format":"standard","meta":{"_jetpack_memberships_contains_paid_content":false,"footnotes":""},"categories":[2],"tags":[],"class_list":["post-10343","post","type-post","status-publish","format-standard","has-post-thumbnail","hentry","category-estado"],"jetpack_featured_media_url":"https:\/\/encuentroinformativo.com.mx\/wp-content\/uploads\/2021\/01\/ABA15B6B-0DAA-47DB-8946-AB25FFCDA1A7.jpeg","jetpack_sharing_enabled":true,"jetpack_likes_enabled":true,"amp_enabled":true,"_links":{"self":[{"href":"https:\/\/encuentroinformativo.com.mx\/index.php?rest_route=\/wp\/v2\/posts\/10343","targetHints":{"allow":["GET"]}}],"collection":[{"href":"https:\/\/encuentroinformativo.com.mx\/index.php?rest_route=\/wp\/v2\/posts"}],"about":[{"href":"https:\/\/encuentroinformativo.com.mx\/index.php?rest_route=\/wp\/v2\/types\/post"}],"author":[{"embeddable":true,"href":"https:\/\/encuentroinformativo.com.mx\/index.php?rest_route=\/wp\/v2\/users\/1"}],"replies":[{"embeddable":true,"href":"https:\/\/encuentroinformativo.com.mx\/index.php?rest_route=%2Fwp%2Fv2%2Fcomments&post=10343"}],"version-history":[{"count":2,"href":"https:\/\/encuentroinformativo.com.mx\/index.php?rest_route=\/wp\/v2\/posts\/10343\/revisions"}],"predecessor-version":[{"id":10346,"href":"https:\/\/encuentroinformativo.com.mx\/index.php?rest_route=\/wp\/v2\/posts\/10343\/revisions\/10346"}],"wp:featuredmedia":[{"embeddable":true,"href":"https:\/\/encuentroinformativo.com.mx\/index.php?rest_route=\/wp\/v2\/media\/10344"}],"wp:attachment":[{"href":"https:\/\/encuentroinformativo.com.mx\/index.php?rest_route=%2Fwp%2Fv2%2Fmedia&parent=10343"}],"wp:term":[{"taxonomy":"category","embeddable":true,"href":"https:\/\/encuentroinformativo.com.mx\/index.php?rest_route=%2Fwp%2Fv2%2Fcategories&post=10343"},{"taxonomy":"post_tag","embeddable":true,"href":"https:\/\/encuentroinformativo.com.mx\/index.php?rest_route=%2Fwp%2Fv2%2Ftags&post=10343"}],"curies":[{"name":"wp","href":"https:\/\/api.w.org\/{rel}","templated":true}]}}