{"id":10347,"date":"2021-01-21T17:11:44","date_gmt":"2021-01-21T23:11:44","guid":{"rendered":"https:\/\/encuentroinformativo.com.mx\/?p=10347"},"modified":"2021-01-21T17:11:48","modified_gmt":"2021-01-21T23:11:48","slug":"secuestradores-pretendian-asesinar-a-victimas-gobernador","status":"publish","type":"post","link":"https:\/\/encuentroinformativo.com.mx\/?p=10347","title":{"rendered":"Secuestradores pretend\u00edan asesinar a v\u00edctimas: Gobernador"},"content":{"rendered":"\n<p><strong>Juan Arcos <\/strong><\/p>\n\n\n\n<p>Xalapa, Ver.- El gobernador Cuitl\u00e1huac Garc\u00eda Jim\u00e9nez revel\u00f3 que una c\u00e9lula delictiva dedicada al secuestro pretend\u00eda asesinar a ocho personas que manten\u00eda privadas de su libertad en una casa de seguridad, misma que fue desmantelada por polic\u00edas estatales, la tarde del mi\u00e9rcoles en Xalapa.<\/p>\n\n\n\n<p>El mandatario estatal acudi\u00f3 a la reuni\u00f3n de la Mesa para la Coordinaci\u00f3n de la Paz en Veracruz, celebrada en el municipio de Amatl\u00e1n de los Reyes, donde record\u00f3 que el titular de la Secretar\u00eda de Seguridad P\u00fablica (SSP), Hugo Guti\u00e9rrez Maldonado, encabez\u00f3 un operativo en la capital del estado.<\/p>\n\n\n\n<p>Adem\u00e1s, destac\u00f3 la r\u00e1pida actuaci\u00f3n de las fuerzas del orden para desmantelar una casa de seguridad en la colonia Cuauht\u00e9moc de la ciudad de Xalapa.<\/p>\n\n\n\n<p>\u201cDonde lamentablemente pretend\u00edan los presuntos secuestradores ejecutar a sus v\u00edctimas adem\u00e1s de cobrar lo del secuestro, se actu\u00f3 muy a tiempo, se logr\u00f3 la detenci\u00f3n de los involucrados y se liber\u00f3 a las v\u00edctimas, lamentablemente a dos de ellas no, pero pretend\u00edan un acto abominable\u201d.<\/p>\n\n\n\n<p>Lo anterior, permiti\u00f3 la liberaci\u00f3n de de las ocho personas y la detenci\u00f3n de cuatro presuntos delincuentes, en las inmediaciones de la avenida Murillo Vidal, una zona bastante transitada.<\/p>\n\n\n\n<p>Cabe recordar que en redes sociales circularon videos donde se escuchan las detonaciones de arma de fuego en el enfrentamiento, mismo que dej\u00f3 un saldo de cinco presuntos delincuentes abatidos.<\/p>\n\n\n\n<p>Garc\u00eda Jim\u00e9nez indic\u00f3 que, de acuerdo con las investigaciones, se trataba de un grupo \u201cfuerte\u201d dedicado al secuestro, por ello, se despleg\u00f3 el operativo en la ciudad, encabezado por el Secretario de Seguridad en Veracruz.<\/p>\n\n\n\n<p>En otro tema, el Gobernador de Veracruz dio a conocer que la Fiscal\u00eda General del Estado logr\u00f3 la vinculaci\u00f3n a proceso del presunto asesino de Abir\u00e1m Hern\u00e1ndez Fern\u00e1ndez, defensor de derechos humanos.<\/p>\n","protected":false},"excerpt":{"rendered":"<p>Juan Arcos Xalapa, Ver.- El gobernador Cuitl\u00e1huac Garc\u00eda Jim\u00e9nez revel\u00f3 que una c\u00e9lula delictiva dedicada al secuestro pretend\u00eda asesinar a ocho personas que manten\u00eda privadas de su libertad en una casa de seguridad, misma que fue desmantelada por polic\u00edas estatales, la tarde del mi\u00e9rcoles en Xalapa. El mandatario estatal acudi\u00f3 a la reuni\u00f3n de la [&hellip;]<\/p>\n","protected":false},"author":1,"featured_media":10348,"comment_status":"open","ping_status":"open","sticky":false,"template":"","format":"standard","meta":{"_jetpack_memberships_contains_paid_content":false,"footnotes":""},"categories":[2],"tags":[],"class_list":["post-10347","post","type-post","status-publish","format-standard","has-post-thumbnail","hentry","category-estado"],"jetpack_featured_media_url":"https:\/\/encuentroinformativo.com.mx\/wp-content\/uploads\/2021\/01\/8073EBE5-A0BF-41B7-AF87-FA0501BD88FA.jpeg","jetpack_sharing_enabled":true,"jetpack_likes_enabled":true,"amp_enabled":true,"_links":{"self":[{"href":"https:\/\/encuentroinformativo.com.mx\/index.php?rest_route=\/wp\/v2\/posts\/10347","targetHints":{"allow":["GET"]}}],"collection":[{"href":"https:\/\/encuentroinformativo.com.mx\/index.php?rest_route=\/wp\/v2\/posts"}],"about":[{"href":"https:\/\/encuentroinformativo.com.mx\/index.php?rest_route=\/wp\/v2\/types\/post"}],"author":[{"embeddable":true,"href":"https:\/\/encuentroinformativo.com.mx\/index.php?rest_route=\/wp\/v2\/users\/1"}],"replies":[{"embeddable":true,"href":"https:\/\/encuentroinformativo.com.mx\/index.php?rest_route=%2Fwp%2Fv2%2Fcomments&post=10347"}],"version-history":[{"count":1,"href":"https:\/\/encuentroinformativo.com.mx\/index.php?rest_route=\/wp\/v2\/posts\/10347\/revisions"}],"predecessor-version":[{"id":10349,"href":"https:\/\/encuentroinformativo.com.mx\/index.php?rest_route=\/wp\/v2\/posts\/10347\/revisions\/10349"}],"wp:featuredmedia":[{"embeddable":true,"href":"https:\/\/encuentroinformativo.com.mx\/index.php?rest_route=\/wp\/v2\/media\/10348"}],"wp:attachment":[{"href":"https:\/\/encuentroinformativo.com.mx\/index.php?rest_route=%2Fwp%2Fv2%2Fmedia&parent=10347"}],"wp:term":[{"taxonomy":"category","embeddable":true,"href":"https:\/\/encuentroinformativo.com.mx\/index.php?rest_route=%2Fwp%2Fv2%2Fcategories&post=10347"},{"taxonomy":"post_tag","embeddable":true,"href":"https:\/\/encuentroinformativo.com.mx\/index.php?rest_route=%2Fwp%2Fv2%2Ftags&post=10347"}],"curies":[{"name":"wp","href":"https:\/\/api.w.org\/{rel}","templated":true}]}}