{"id":10354,"date":"2021-01-21T17:51:44","date_gmt":"2021-01-21T23:51:44","guid":{"rendered":"https:\/\/encuentroinformativo.com.mx\/?p=10354"},"modified":"2021-01-21T17:51:47","modified_gmt":"2021-01-21T23:51:47","slug":"proceso-de-preinscripciones-a-nivel-basico-se-realizara-en-linea","status":"publish","type":"post","link":"https:\/\/encuentroinformativo.com.mx\/?p=10354","title":{"rendered":"Proceso de preinscripciones a nivel b\u00e1sico se realizar\u00e1 en l\u00ednea"},"content":{"rendered":"\n<p><strong>Juan Arcos <\/strong><\/p>\n\n\n\n<p>Xalapa, Ver.- El proceso de preinscripciones en nivel b\u00e1sico para el ciclo escolar 2021-2022 ser\u00e1 virtual del 2 al 15 de febrero inform\u00f3 el titular de la Secretar\u00eda de Educaci\u00f3n de Veracruz (SEV), Zenyazen Escobar Garc\u00eda.<\/p>\n\n\n\n<p>El funcionario estatal indic\u00f3 que se tom\u00f3 dicha decisi\u00f3n, con el prop\u00f3sito de evitar aglomeraciones en centros escolares, ante el incremento de casos positivos de SARS-COV-2 (COVID-19) en la entidad.<\/p>\n\n\n\n<p>\u201cLa contingencia obliga a desarrollar un proceso virtual que evite la concentraci\u00f3n de padres de familia en los centros escolares y permita cumplir con la preinscripci\u00f3n a efecto de que la poblaci\u00f3n cuente con un espacio que permita la continuidad de su educaci\u00f3n y eventualmente su reincorporaci\u00f3n presencial\u201d, expres\u00f3.<\/p>\n\n\n\n<p>Detall\u00f3 que la captura de datos deber\u00e1 realizarse del 2 al 4 en la modalidad preinscripci\u00f3n en l\u00ednea para padres de familia, en la p\u00e1gina\u00a0<a rel=\"noreferrer noopener\" href=\"http:\/\/mi.sev.gob.mx\/\" target=\"_blank\">http:\/\/mi.sev.gob.mx<\/a>. Adem\u00e1s, enfatiz\u00f3 que en comunidades rurales donde no tengan acceso a la plataforma o no cuenten con dispositivos electr\u00f3nicos, en proceso se llevar\u00e1 a cabo con el apoyo del plantel educativo.<\/p>\n\n\n\n<p>Posteriormente, del 5 al 9 de febrero corresponder\u00e1 a m\u00e1s escuelas revisar solicitudes y determinar la matr\u00edcula, a fin de que el d\u00eda 10 los solicitantes puedan consultar la disponibilidad y descargar la ficha de preinscripci\u00f3n, para que, al d\u00eda siguiente, se informe\u00a0sobre los planteles que a\u00fan tienen cupo para atender solicitudes pendientes durante los d\u00edas 11, 12 y 15.<\/p>\n\n\n\n<p>Escobar Garc\u00eda record\u00f3 que, en nivel preescolar, los aspirantes deber\u00e1n tener tres a\u00f1os de edad y, para el primer grado de primaria, tener seis a\u00f1os, en ambos casos cumplidos al 31 de diciembre.<\/p>\n\n\n\n<p>A\u00f1adi\u00f3 que en secundaria podr\u00e1n preinscribirse en las modalidades general y t\u00e9cnica adolescentes mayores de 12 a\u00f1os y menores de 15.<\/p>\n\n\n\n<p>En el caso de escuelas de alta demanda ser\u00e1 establecida el \u00e1rea de influencia del plantel con el visto bueno del supervisor, adem\u00e1s de que ya est\u00e9 inscrito alg\u00fan hermano o hermana en dicho centro.<\/p>\n\n\n\n<p>Los alumnos que hayan quedado sin lugar podr\u00e1n preinscribirse del 11 al 15 de febrero. La captura de datos ser\u00e1 en la plataforma de MiSEV donde cada plantel educativo deber\u00e1 informar y poner la convocatoria de preinscripci\u00f3n en sus p\u00e1ginas oficiales.<\/p>\n","protected":false},"excerpt":{"rendered":"<p>Juan Arcos Xalapa, Ver.- El proceso de preinscripciones en nivel b\u00e1sico para el ciclo escolar 2021-2022 ser\u00e1 virtual del 2 al 15 de febrero inform\u00f3 el titular de la Secretar\u00eda de Educaci\u00f3n de Veracruz (SEV), Zenyazen Escobar Garc\u00eda. El funcionario estatal indic\u00f3 que se tom\u00f3 dicha decisi\u00f3n, con el prop\u00f3sito de evitar aglomeraciones en centros [&hellip;]<\/p>\n","protected":false},"author":1,"featured_media":10355,"comment_status":"open","ping_status":"open","sticky":false,"template":"","format":"standard","meta":{"_jetpack_memberships_contains_paid_content":false,"footnotes":""},"categories":[2],"tags":[],"class_list":["post-10354","post","type-post","status-publish","format-standard","has-post-thumbnail","hentry","category-estado"],"jetpack_featured_media_url":"https:\/\/encuentroinformativo.com.mx\/wp-content\/uploads\/2021\/01\/AF2BDF89-E8D2-4E0F-B97D-C08C6E35C9C5.jpeg","jetpack_sharing_enabled":true,"jetpack_likes_enabled":true,"amp_enabled":true,"_links":{"self":[{"href":"https:\/\/encuentroinformativo.com.mx\/index.php?rest_route=\/wp\/v2\/posts\/10354","targetHints":{"allow":["GET"]}}],"collection":[{"href":"https:\/\/encuentroinformativo.com.mx\/index.php?rest_route=\/wp\/v2\/posts"}],"about":[{"href":"https:\/\/encuentroinformativo.com.mx\/index.php?rest_route=\/wp\/v2\/types\/post"}],"author":[{"embeddable":true,"href":"https:\/\/encuentroinformativo.com.mx\/index.php?rest_route=\/wp\/v2\/users\/1"}],"replies":[{"embeddable":true,"href":"https:\/\/encuentroinformativo.com.mx\/index.php?rest_route=%2Fwp%2Fv2%2Fcomments&post=10354"}],"version-history":[{"count":1,"href":"https:\/\/encuentroinformativo.com.mx\/index.php?rest_route=\/wp\/v2\/posts\/10354\/revisions"}],"predecessor-version":[{"id":10356,"href":"https:\/\/encuentroinformativo.com.mx\/index.php?rest_route=\/wp\/v2\/posts\/10354\/revisions\/10356"}],"wp:featuredmedia":[{"embeddable":true,"href":"https:\/\/encuentroinformativo.com.mx\/index.php?rest_route=\/wp\/v2\/media\/10355"}],"wp:attachment":[{"href":"https:\/\/encuentroinformativo.com.mx\/index.php?rest_route=%2Fwp%2Fv2%2Fmedia&parent=10354"}],"wp:term":[{"taxonomy":"category","embeddable":true,"href":"https:\/\/encuentroinformativo.com.mx\/index.php?rest_route=%2Fwp%2Fv2%2Fcategories&post=10354"},{"taxonomy":"post_tag","embeddable":true,"href":"https:\/\/encuentroinformativo.com.mx\/index.php?rest_route=%2Fwp%2Fv2%2Ftags&post=10354"}],"curies":[{"name":"wp","href":"https:\/\/api.w.org\/{rel}","templated":true}]}}