{"id":10359,"date":"2021-01-22T11:28:10","date_gmt":"2021-01-22T17:28:10","guid":{"rendered":"https:\/\/encuentroinformativo.com.mx\/?p=10359"},"modified":"2021-01-22T11:28:13","modified_gmt":"2021-01-22T17:28:13","slug":"el-otro-plan-de-los-yunes-la-pluri-federal","status":"publish","type":"post","link":"https:\/\/encuentroinformativo.com.mx\/?p=10359","title":{"rendered":"EL OTRO PLAN DE LOS YUNES: LA PLURI FEDERAL"},"content":{"rendered":"\n<p><strong>+ No todos los panistas est\u00e1n con Sergio.<br>+ Vacuna por votos, en Orizaba.<br>+ Las condiciones de Ahued para Xalapa.<br><br><em>Nuevo r\u00e9cord: en las \u00faltimas 24 horas,<br>se registraron en el pa\u00eds 22 mil 339 casos positivos de Covid19<br>&#8211;Chopenjawer<\/em><\/strong><\/p>\n\n\n\n<p>Todo parece apuntar que Miguel \u00c1ngel Yunes M\u00e1rquez no ser\u00e1 el candidato a la alcald\u00eda del puerto de Veracruz.&nbsp;<\/p>\n\n\n\n<p>Incluso, entre los mismos panistas existe el rumor de que una vez que no alcance la candidatura a la alcald\u00eda como abanderado del blanquiazul, Yunes M\u00e1rquez ir\u00eda por una alianza PRD-PRI, a la cual se sumar\u00eda Movimiento Ciudadano, partido del cual adquirieron la franquicia local.<\/p>\n\n\n\n<p>Ahora se sabe que el otro plan de los Yunes (de la cual todav\u00eda tienen esperanza) ser\u00eda conseguir del PAN la diputaci\u00f3n federal plurinominal ya sea para el exgobernador o para su hijo Miguel, y desde esa posici\u00f3n privilegiada comenzar a bombardear al Gobierno de Veracruz, repitiendo el mismo esquema cuando los tiempos del gobernador Javier Duarte.<\/p>\n\n\n\n<p>Yunes Linares, de acuerdo a fuentes bien informadas, dar\u00eda prioridad a la plurinominal de su primog\u00e9nito, pero ser\u00eda el real operador que mover\u00eda los hilos desde afuera con informaci\u00f3n clave para detonar el estado gobernado por Cuitl\u00e1huac Garc\u00eda Jim\u00e9nez.<\/p>\n\n\n\n<p>Y es que con la diputaci\u00f3n federal plurinominal, el clan tendr\u00eda fuero, recursos, posibilidad de armar alianzas con otros grupos, escenario, reflectores y micr\u00f3fonos de medios nacionales de mucho alcance, hoy peleados con Morena y el Poder Ejecutivo.<\/p>\n\n\n\n<p>Desde esa misma tribuna, se recuerda, comenzaron los misiles contra el gobierno de Javier Duarte en sus \u00faltimos meses; de ah\u00ed salt\u00f3 Yunes Linares a la gubernatura de dos a\u00f1os, envuelto en una gran popularidad acrecentada por los ataques a la administraci\u00f3n pri\u00edsta.<\/p>\n\n\n\n<p>Otra alternativa de la que se deber\u00e1 estar pendiente, es si solicita en estos d\u00edas licencia el alcalde de Veracruz, Fernando Yunes M\u00e1rquez, quien tendr\u00eda como fecha l\u00edmite hasta&nbsp;<a href=\"outlook-data-detector:\/\/1\">el d\u00eda 27<\/a>.<\/p>\n\n\n\n<p>\u00bfVENDR\u00c1N LOS AUDIO\/VIDEO ESC\u00c1NDALOS?<\/p>\n\n\n\n<p>Existen versiones de que el audio filtrado donde se escucha a Javier Duarte hablar de apoyar la alianza Morena-Verde en el distrito de Cosamaloapan, habr\u00eda sido filtrado por gente ligada al exgobernador Yunes Linares.<\/p>\n\n\n\n<p>De algo de lo que precisamente son especialistas los yunistas y el patriarca del Clan del Estero, es de este tipo de material, llegando incluso al extremo absurdo de la imitaci\u00f3n de voces, como cuando intentaron divulgar un audio con la supuesta voz del dirigente nacional, Marko Cort\u00e9s, a principios de enero, donde supuestamente acusaba que hab\u00eda panistas bloqueando la alianza con el PRI y el PRD.<\/p>\n\n\n\n<p>No obstante, llama poderosamente la atenci\u00f3n que Javier Duarte esta vez no sali\u00f3 a desmentir lo que se divulg\u00f3 en horas recientes.<\/p>\n\n\n\n<p>CANDIDATURAS DEDAZO<\/p>\n\n\n\n<p>El clan del Estero desde hace rato est\u00e1 presionando para que les otorguen candidaturas, sin necesidad de pasar por la votaci\u00f3n interna. Es decir, por mera designaci\u00f3n de la c\u00fapula panista.<\/p>\n\n\n\n<p>El problema es que al no tener el control del Comit\u00e9 Estatal (que ya decidi\u00f3 que se hagan votaciones internas entre la militancia) el grupo de los Yunes no tiene manera para repartirse candidaturas a modo.<\/p>\n\n\n\n<p>Es por eso que desde hace semanas hace presi\u00f3n al Comit\u00e9 Ejecutivo Nacional: para que las candidaturas sean designadas sin consulta a la militancia.<\/p>\n\n\n\n<p>A nivel nacional, se sabe que Marko Cort\u00e9s ha estado recibiendo a los grupos de panistas en Veracruz para pedir que acuerden y concilien.<\/p>\n\n\n\n<p>El asunto es que grupos fuertes como el del candidato Ricardo Anaya son los que no est\u00e1n de acuerdo con darle todo al grupo de los Yunes, ya que saben que no tuvo el impulso y apoyo como candidato presidencial en Veracruz; es decir, no le dieron mucha importancia a la elecci\u00f3n federal, sino que el objetivo fue concentrado en lo local, donde Yunes Linares, como el primer gobernador de oposici\u00f3n, no pudo dejarle el poder a su primog\u00e9nito &#8220;Miguel Chiquito&#8221;.<\/p>\n\n\n\n<p>De igual manera, el dirigente nacional ha dado se\u00f1ales de simpat\u00eda al grupo que encabeza el presidente estatal del PAN, Joaqu\u00edn Rosendo Guzm\u00e1n Avil\u00e9s.<\/p>\n\n\n\n<p>Una se\u00f1al clara fue cuando envi\u00f3 un video de felicitaci\u00f3n al diputado local Bingen Rementer\u00eda, aspirante a la alcald\u00eda de Veracruz por el PAN de parte del grupo no alineado a los Yunes. Otra se\u00f1al fue la r\u00e1pida actualizaci\u00f3n del padr\u00f3n en Veracruz recientemente, donde se indexaron a nuevos militantes que tampoco son del grupo de los Yunes o empleados del Ayuntamiento de Veracruz (donde gobierna uno de los Yunes) como estaba originalmente.<\/p>\n\n\n\n<p><strong>NOTA PARA PEGAR EN EL REFRI:&nbsp;<\/strong>Que no todos los grupos del PAN en Xalapa (especialmente los de la vieja guardia, como los de Encarnaci\u00f3n Medel) est\u00e1n con Sergio Hern\u00e1ndez, el diputado local que recientemente solicit\u00f3 licencia para lanzarse a la alcald\u00eda de la capital veracruzana. De hecho, hay que recordar que el vato no ha ganado ninguna elecci\u00f3n popular, sino que sus cargos han sido por la v\u00eda plurinominal; es decir, v\u00eda el dedazo y el apadrinamiento de su protector pol\u00edtico, el exgober Cascarita. A ver si es cierto que libra la interna del PAN y luego la municipal contra Ricardo Ahued, quien es pr\u00e1cticamente invencible en la capital veracruzana.<\/p>\n\n\n\n<p><strong>OTRA NOTA:&nbsp;<\/strong>Que con miras a utilizar la vacuna como moneda de cambio en las elecciones, el actual alcalde de Orizaba, Igor Roj\u00ed (quien ya solicit\u00f3 su registr\u00f3 en la sede nacional del PRI), va a lucrar con 125 mil dosis de vacunas contra el COVID-19 para pedir el voto en el distrito. Que aplicar\u00e1n 13 millones de pesos para comprar la de AstraZeneca y que la petici\u00f3n a las autoridades sanitarias tienen fundamento en los argumentos que el 5 de enero pasado emiti\u00f3 el presidente de la rep\u00fablica de que ni hay impedimento en la compra o adquisici\u00f3n de la vacuna&#8230; A ese nivel hemos llegado.<\/p>\n\n\n\n<p><strong>LA \u00daLTIMA PORQUE ES VIERNES:\u00a0<\/strong>Lo publica el portal\u00a0<a href=\"http:\/\/versiones.com.mx\/\">Versiones.com.mx<\/a>: &#8220;Fuentes informadas aseguran que las probables condiciones del senador Ricardo Ahued para aceptar la candidatura a la alcald\u00eda de Xalapa, por la alianza Morena-PVEM-PT, ser\u00edan las siguientes: 1.- Que le permitan poner al S\u00edndico y al suplente. 2.- Que le abran las puertas de Palacio de Gobierno para todas las gestiones que tenga que hacer en favor de los xalape\u00f1os. 3.- Que solo estar\u00e1 2 a\u00f1os en la alcald\u00eda. Ya se sabr\u00e1 si son aceptadas o rechazadas las presuntas condiciones de don Ricardo. Los pr\u00f3ximos d\u00edas ser\u00e1n cruciales&#8221;.<\/p>\n\n\n\n<p><strong>@pablojair<\/strong><\/p>\n","protected":false},"excerpt":{"rendered":"<p>+ No todos los panistas est\u00e1n con Sergio.+ Vacuna por votos, en Orizaba.+ Las condiciones de Ahued para Xalapa. Nuevo r\u00e9cord: en las \u00faltimas 24 horas,se registraron en el pa\u00eds 22 mil 339 casos positivos de Covid19&#8211;Chopenjawer Todo parece apuntar que Miguel \u00c1ngel Yunes M\u00e1rquez no ser\u00e1 el candidato a la alcald\u00eda del puerto de [&hellip;]<\/p>\n","protected":false},"author":1,"featured_media":488,"comment_status":"open","ping_status":"open","sticky":false,"template":"","format":"standard","meta":{"_jetpack_memberships_contains_paid_content":false,"footnotes":""},"categories":[11],"tags":[],"class_list":["post-10359","post","type-post","status-publish","format-standard","has-post-thumbnail","hentry","category-opinion"],"jetpack_featured_media_url":"https:\/\/encuentroinformativo.com.mx\/wp-content\/uploads\/2020\/03\/F471F608-BA1A-416B-BA7B-BCFB24F4E6D0.jpeg","jetpack_sharing_enabled":true,"jetpack_likes_enabled":true,"amp_enabled":true,"_links":{"self":[{"href":"https:\/\/encuentroinformativo.com.mx\/index.php?rest_route=\/wp\/v2\/posts\/10359","targetHints":{"allow":["GET"]}}],"collection":[{"href":"https:\/\/encuentroinformativo.com.mx\/index.php?rest_route=\/wp\/v2\/posts"}],"about":[{"href":"https:\/\/encuentroinformativo.com.mx\/index.php?rest_route=\/wp\/v2\/types\/post"}],"author":[{"embeddable":true,"href":"https:\/\/encuentroinformativo.com.mx\/index.php?rest_route=\/wp\/v2\/users\/1"}],"replies":[{"embeddable":true,"href":"https:\/\/encuentroinformativo.com.mx\/index.php?rest_route=%2Fwp%2Fv2%2Fcomments&post=10359"}],"version-history":[{"count":1,"href":"https:\/\/encuentroinformativo.com.mx\/index.php?rest_route=\/wp\/v2\/posts\/10359\/revisions"}],"predecessor-version":[{"id":10360,"href":"https:\/\/encuentroinformativo.com.mx\/index.php?rest_route=\/wp\/v2\/posts\/10359\/revisions\/10360"}],"wp:featuredmedia":[{"embeddable":true,"href":"https:\/\/encuentroinformativo.com.mx\/index.php?rest_route=\/wp\/v2\/media\/488"}],"wp:attachment":[{"href":"https:\/\/encuentroinformativo.com.mx\/index.php?rest_route=%2Fwp%2Fv2%2Fmedia&parent=10359"}],"wp:term":[{"taxonomy":"category","embeddable":true,"href":"https:\/\/encuentroinformativo.com.mx\/index.php?rest_route=%2Fwp%2Fv2%2Fcategories&post=10359"},{"taxonomy":"post_tag","embeddable":true,"href":"https:\/\/encuentroinformativo.com.mx\/index.php?rest_route=%2Fwp%2Fv2%2Ftags&post=10359"}],"curies":[{"name":"wp","href":"https:\/\/api.w.org\/{rel}","templated":true}]}}