{"id":10370,"date":"2021-01-22T13:37:17","date_gmt":"2021-01-22T19:37:17","guid":{"rendered":"https:\/\/encuentroinformativo.com.mx\/?p=10370"},"modified":"2021-01-22T13:37:19","modified_gmt":"2021-01-22T19:37:19","slug":"en-fuerza-por-mexico-reiteran-invitacion-a-comunidad-lgbttti","status":"publish","type":"post","link":"https:\/\/encuentroinformativo.com.mx\/?p=10370","title":{"rendered":"En Fuerza por M\u00e9xico, reiteran invitaci\u00f3n a comunidad LGBTTTI"},"content":{"rendered":"\n<p><strong>Dar\u00edo Pale <\/strong><\/p>\n\n\n\n<p>Xalapa, Ver.- En el partido Fuerza por M\u00e9xico est\u00e1n abiertos a que se sumen integrantes de la\u00a0comunidad LGBTTTIQ para aspirar a alg\u00fan puesto de elecci\u00f3n popular, as\u00ed lo dio a conocer el\u00a0presidente del Comit\u00e9 Directivo Estatal de dicho partido, Eduardo Vega Yunes.<\/p>\n\n\n\n<p>En conferencia de prensa realizada en conocido caf\u00e9 del centro de Xalapa dio a conocer que,\u00a0&#8220;Fuerza por M\u00e9xico est\u00e1 abierto no s\u00f3lo a este grupo de la sociedad, sino a todos los sectores, en Fuerza por M\u00e9xico le abrimos la puerta para que simpaticen, para que sean parte de la estructura, pero tambi\u00e9n para que aspiren a los distintos cargos&#8221;.<\/p>\n\n\n\n<p>Dijo que est\u00e1n abiertos a recibir a hombres, mujeres y j\u00f3venes que tienen doctorado, los que no tienen estudios, al campesino, los boleros y todos aquellos que tengan cualquier preferencia religiosa o sexual,\u00a0&#8220;el \u00fanico requisito es que sea gente de bien, transparente y honorable, gente que no le meta la mano al caj\u00f3n&#8221;.<\/p>\n\n\n\n<p>Inform\u00f3 que este jueves abrieron el registro a candidatos a los distintos cargos de elecci\u00f3n popular, mismo que concluye el domingo 24 de enero, por lo que\u00a0desde que abrieron el proceso de afiliaci\u00f3n a la fecha, suman 27 mil afiliados, adem\u00e1s, subray\u00f3 que han notado un crecimiento en la participaci\u00f3n de mujeres y j\u00f3venes en el Partido.<\/p>\n\n\n\n<p>Explic\u00f3 que ya est\u00e1n cerrando la integraci\u00f3n de los comit\u00e9s municipales con el 70 por ciento, por lo\u00a0que la pr\u00f3xima semana estar\u00e1n concluyendo la integraci\u00f3n de los 212 comit\u00e9s municipales.<\/p>\n\n\n\n<p>Record\u00f3 que el lunes de esta semana registraron la convocatoria a aspirantes ante el Organismo P\u00fablico Local Electoral (OPLE) a los distintos cargos de elecci\u00f3n popular, y\u00a0que hasta ayer jueves ten\u00edan m\u00e1s de la mitad de los registros a las diputaciones federales.<\/p>\n\n\n\n<p>Defini\u00f3 que una de las principales propuestas del Partido es mejorar las condiciones del sector obrero, que haya igualdad de condiciones para hombres y mujeres, as\u00ed como seguridad social para todos los trabajadores.<\/p>\n","protected":false},"excerpt":{"rendered":"<p>Dar\u00edo Pale Xalapa, Ver.- En el partido Fuerza por M\u00e9xico est\u00e1n abiertos a que se sumen integrantes de la\u00a0comunidad LGBTTTIQ para aspirar a alg\u00fan puesto de elecci\u00f3n popular, as\u00ed lo dio a conocer el\u00a0presidente del Comit\u00e9 Directivo Estatal de dicho partido, Eduardo Vega Yunes. En conferencia de prensa realizada en conocido caf\u00e9 del centro de [&hellip;]<\/p>\n","protected":false},"author":1,"featured_media":10371,"comment_status":"open","ping_status":"open","sticky":false,"template":"","format":"standard","meta":{"_jetpack_memberships_contains_paid_content":false,"footnotes":""},"categories":[3],"tags":[],"class_list":["post-10370","post","type-post","status-publish","format-standard","has-post-thumbnail","hentry","category-xalapa"],"jetpack_featured_media_url":"https:\/\/encuentroinformativo.com.mx\/wp-content\/uploads\/2021\/01\/115CC49A-72E4-4192-A63A-82D0268E33D6.jpeg","jetpack_sharing_enabled":true,"jetpack_likes_enabled":true,"amp_enabled":true,"_links":{"self":[{"href":"https:\/\/encuentroinformativo.com.mx\/index.php?rest_route=\/wp\/v2\/posts\/10370","targetHints":{"allow":["GET"]}}],"collection":[{"href":"https:\/\/encuentroinformativo.com.mx\/index.php?rest_route=\/wp\/v2\/posts"}],"about":[{"href":"https:\/\/encuentroinformativo.com.mx\/index.php?rest_route=\/wp\/v2\/types\/post"}],"author":[{"embeddable":true,"href":"https:\/\/encuentroinformativo.com.mx\/index.php?rest_route=\/wp\/v2\/users\/1"}],"replies":[{"embeddable":true,"href":"https:\/\/encuentroinformativo.com.mx\/index.php?rest_route=%2Fwp%2Fv2%2Fcomments&post=10370"}],"version-history":[{"count":1,"href":"https:\/\/encuentroinformativo.com.mx\/index.php?rest_route=\/wp\/v2\/posts\/10370\/revisions"}],"predecessor-version":[{"id":10372,"href":"https:\/\/encuentroinformativo.com.mx\/index.php?rest_route=\/wp\/v2\/posts\/10370\/revisions\/10372"}],"wp:featuredmedia":[{"embeddable":true,"href":"https:\/\/encuentroinformativo.com.mx\/index.php?rest_route=\/wp\/v2\/media\/10371"}],"wp:attachment":[{"href":"https:\/\/encuentroinformativo.com.mx\/index.php?rest_route=%2Fwp%2Fv2%2Fmedia&parent=10370"}],"wp:term":[{"taxonomy":"category","embeddable":true,"href":"https:\/\/encuentroinformativo.com.mx\/index.php?rest_route=%2Fwp%2Fv2%2Fcategories&post=10370"},{"taxonomy":"post_tag","embeddable":true,"href":"https:\/\/encuentroinformativo.com.mx\/index.php?rest_route=%2Fwp%2Fv2%2Ftags&post=10370"}],"curies":[{"name":"wp","href":"https:\/\/api.w.org\/{rel}","templated":true}]}}