{"id":10377,"date":"2021-01-22T14:14:53","date_gmt":"2021-01-22T20:14:53","guid":{"rendered":"https:\/\/encuentroinformativo.com.mx\/?p=10377"},"modified":"2021-01-22T14:14:56","modified_gmt":"2021-01-22T20:14:56","slug":"por-crisis-financiera-uv-desalojo-libreria-del-max","status":"publish","type":"post","link":"https:\/\/encuentroinformativo.com.mx\/?p=10377","title":{"rendered":"Por crisis financiera, UV desalojo librer\u00eda del MAX"},"content":{"rendered":"\n<p><strong>Juan Arcos <\/strong><\/p>\n\n\n\n<p>Xalapa, Ver.- El desalojo de la librer\u00eda del Fondo de Cultura Econ\u00f3mica (FCE) en Veracruz corresponde a una decisi\u00f3n tomada por la Universidad Veracruzana (UV) ante la gran crisis financiera que enfrenta.<\/p>\n\n\n\n<p>As\u00ed lo consider\u00f3 el economista de la UV, Rafael Arias Hern\u00e1ndez, quien adem\u00e1s detall\u00f3 que dicha crisis es global, derivada de la pandemia del SARS-COV-2 (COVID-19) y del mal manejo de las finanzas p\u00fablicas por parte de los gobiernos federales y estatales, situaci\u00f3n que est\u00e1 afectando gravemente a las universidades p\u00fablicas.<\/p>\n\n\n\n<p>\u201cLo que t\u00fa est\u00e1s descubriendo, los medios est\u00e1n advirtiendo, es que tenemos que despertar, la crisis econ\u00f3mica y de las finanzas p\u00fablicas en este pa\u00eds trae muchas consecuencias y nosotros seguimos en Babilonia, creyendo que todas las cosas van a seguir igual y se van a resolver en autom\u00e1tico, y no es as\u00ed\u201d.<\/p>\n\n\n\n<p>El acad\u00e9mico del Instituto de Investigaciones en Estudios Superiores Econ\u00f3micos y Sociales (IIESES) no descart\u00f3 la posibilidad de que se cierren espacios por falta de solvencia econ\u00f3mica en la m\u00e1xima casa de estudios del estado.<\/p>\n\n\n\n<p>\u201cEn este caso, lo que yo quiero insistir, el problema es muy simple, hay derechos y obligaciones contra\u00eddas y se resuelve revisando lo que se haya acordado. La atenci\u00f3n debe referirse a la inocultable crisis econ\u00f3mica y de las finanzas p\u00fablicas, que sin duda est\u00e1 afectando a las universidades p\u00fablicas\u201d, expres\u00f3.<\/p>\n\n\n\n<p>Cabe recordar que la Universidad Veracruzana inform\u00f3 que el Fondo de Cultura Econ\u00f3mica no le ha pagado durante 20 a\u00f1os por el usufructo del espacio, ubicado al interior del Museo de Antropolog\u00eda de Xalapa, ni por los gastos de servicios b\u00e1sicos o mantenimiento.<\/p>\n\n\n\n<p>En un comunicado oficial, la UV indic\u00f3 que durante el ultimo a\u00f1o el museo ha permanecido cerrado o con acceso limitado por la emergencia sanitaria. Adem\u00e1s, el espacio ser\u00eda utilizado como punto de venta de su producci\u00f3n editorial.<\/p>\n\n\n\n<p>\u201cDe qu\u00e9 manera est\u00e1 afectando a la universidad p\u00fablica, porque no es lo mismo la universidad general que una universidad estatal, aunque todas tienen un com\u00fan denominador que es el punto de afectaci\u00f3n: todas dependen del subsidio gubernamental\u201d, remat\u00f3 Arias Hern\u00e1ndez.<\/p>\n","protected":false},"excerpt":{"rendered":"<p>Juan Arcos Xalapa, Ver.- El desalojo de la librer\u00eda del Fondo de Cultura Econ\u00f3mica (FCE) en Veracruz corresponde a una decisi\u00f3n tomada por la Universidad Veracruzana (UV) ante la gran crisis financiera que enfrenta. As\u00ed lo consider\u00f3 el economista de la UV, Rafael Arias Hern\u00e1ndez, quien adem\u00e1s detall\u00f3 que dicha crisis es global, derivada de [&hellip;]<\/p>\n","protected":false},"author":1,"featured_media":10378,"comment_status":"open","ping_status":"open","sticky":false,"template":"","format":"standard","meta":{"_jetpack_memberships_contains_paid_content":false,"footnotes":""},"categories":[3],"tags":[],"class_list":["post-10377","post","type-post","status-publish","format-standard","has-post-thumbnail","hentry","category-xalapa"],"jetpack_featured_media_url":"https:\/\/encuentroinformativo.com.mx\/wp-content\/uploads\/2021\/01\/C4EDC509-F0C0-4E17-8A00-01F35001E87A.jpeg","jetpack_sharing_enabled":true,"jetpack_likes_enabled":true,"amp_enabled":true,"_links":{"self":[{"href":"https:\/\/encuentroinformativo.com.mx\/index.php?rest_route=\/wp\/v2\/posts\/10377","targetHints":{"allow":["GET"]}}],"collection":[{"href":"https:\/\/encuentroinformativo.com.mx\/index.php?rest_route=\/wp\/v2\/posts"}],"about":[{"href":"https:\/\/encuentroinformativo.com.mx\/index.php?rest_route=\/wp\/v2\/types\/post"}],"author":[{"embeddable":true,"href":"https:\/\/encuentroinformativo.com.mx\/index.php?rest_route=\/wp\/v2\/users\/1"}],"replies":[{"embeddable":true,"href":"https:\/\/encuentroinformativo.com.mx\/index.php?rest_route=%2Fwp%2Fv2%2Fcomments&post=10377"}],"version-history":[{"count":1,"href":"https:\/\/encuentroinformativo.com.mx\/index.php?rest_route=\/wp\/v2\/posts\/10377\/revisions"}],"predecessor-version":[{"id":10379,"href":"https:\/\/encuentroinformativo.com.mx\/index.php?rest_route=\/wp\/v2\/posts\/10377\/revisions\/10379"}],"wp:featuredmedia":[{"embeddable":true,"href":"https:\/\/encuentroinformativo.com.mx\/index.php?rest_route=\/wp\/v2\/media\/10378"}],"wp:attachment":[{"href":"https:\/\/encuentroinformativo.com.mx\/index.php?rest_route=%2Fwp%2Fv2%2Fmedia&parent=10377"}],"wp:term":[{"taxonomy":"category","embeddable":true,"href":"https:\/\/encuentroinformativo.com.mx\/index.php?rest_route=%2Fwp%2Fv2%2Fcategories&post=10377"},{"taxonomy":"post_tag","embeddable":true,"href":"https:\/\/encuentroinformativo.com.mx\/index.php?rest_route=%2Fwp%2Fv2%2Ftags&post=10377"}],"curies":[{"name":"wp","href":"https:\/\/api.w.org\/{rel}","templated":true}]}}