{"id":10380,"date":"2021-01-22T14:25:50","date_gmt":"2021-01-22T20:25:50","guid":{"rendered":"https:\/\/encuentroinformativo.com.mx\/?p=10380"},"modified":"2021-01-22T14:25:53","modified_gmt":"2021-01-22T20:25:53","slug":"por-alerta-preventiva-limitan-acceso-a-las-trancas","status":"publish","type":"post","link":"https:\/\/encuentroinformativo.com.mx\/?p=10380","title":{"rendered":"Por Alerta Preventiva, limitan acceso a Las Trancas"},"content":{"rendered":"\n<p><strong>Juan Arcos <\/strong><\/p>\n\n\n\n<p>Xalapa, Ver.- En Las Trancas, zona lim\u00edtrofe de los municipios de Xalapa y Emiliano Zapata, fue cerrada la vialidad para la instalaci\u00f3n de filtros sanitarios, como parte de la ampliaci\u00f3n de la alerta preventiva para frenar los contagios de SARS-COV-2 (COVID-19) en 84 municipios de Veracruz.<\/p>\n\n\n\n<p>El decreto publicado en la Gaceta Oficial del Estado establece restricciones de movilidad para evitar aglomeraciones y la propagaci\u00f3n de la enfermedad que ha causado 6 mil 753 defunciones y 47 mil 821 casos positivos en la entidad.<\/p>\n\n\n\n<p>A las 7:00 horas de este viernes se llev\u00f3 a cabo el cierre de vialidades en los municipios donde se mantiene el sem\u00e1foro en color rojo y naranja, de riesgo m\u00e1ximo y alto de contagio, respectivamente, donde los filtros sanitarios permanecer\u00edan hasta las 18:00 horas.<\/p>\n\n\n\n<p>Por tal motivo, personal del ayuntamiento de Emiliano Zapata realiz\u00f3 un perifoneo en la zona de Las Trancas, para informar a la poblaci\u00f3n sobre lo establecido en la alerta preventiva por coronavirus.<\/p>\n\n\n\n<p>\u201cEs para regular la presencia de transe\u00fantes y aglomeraciones a trav\u00e9s de la limitaci\u00f3n parcial de acceso a dicho lugar (la calle principal de Las Trancas)\u201d.<\/p>\n\n\n\n<p>Tambi\u00e9n se inform\u00f3 que la calle principal de Las Trancas permanecer\u00e1 cerrada de nueve de la ma\u00f1ana a dos de la tarde y de cuatro a seis de la tarde, para evitar m\u00e1s rebrotes de la pandemia.<\/p>\n\n\n\n<p>\u201cRecuerda que cuidarnos es una tarea de todos, evita contagiarte o contagiar\u201d, se escuch\u00f3.<\/p>\n\n\n\n<p>Cabe mencionar que en Xalapa se han contabilizado 511 muertes por COVID-19, mientras que en Emiliano Zapata se han registrado 36.<\/p>\n","protected":false},"excerpt":{"rendered":"<p>Juan Arcos Xalapa, Ver.- En Las Trancas, zona lim\u00edtrofe de los municipios de Xalapa y Emiliano Zapata, fue cerrada la vialidad para la instalaci\u00f3n de filtros sanitarios, como parte de la ampliaci\u00f3n de la alerta preventiva para frenar los contagios de SARS-COV-2 (COVID-19) en 84 municipios de Veracruz. El decreto publicado en la Gaceta Oficial [&hellip;]<\/p>\n","protected":false},"author":1,"featured_media":10381,"comment_status":"open","ping_status":"open","sticky":false,"template":"","format":"standard","meta":{"_jetpack_memberships_contains_paid_content":false,"footnotes":""},"categories":[8],"tags":[],"class_list":["post-10380","post","type-post","status-publish","format-standard","has-post-thumbnail","hentry","category-region"],"jetpack_featured_media_url":"https:\/\/encuentroinformativo.com.mx\/wp-content\/uploads\/2021\/01\/7F3E2223-9A24-4257-A57D-FB269ABE6682.jpeg","jetpack_sharing_enabled":true,"jetpack_likes_enabled":true,"amp_enabled":true,"_links":{"self":[{"href":"https:\/\/encuentroinformativo.com.mx\/index.php?rest_route=\/wp\/v2\/posts\/10380","targetHints":{"allow":["GET"]}}],"collection":[{"href":"https:\/\/encuentroinformativo.com.mx\/index.php?rest_route=\/wp\/v2\/posts"}],"about":[{"href":"https:\/\/encuentroinformativo.com.mx\/index.php?rest_route=\/wp\/v2\/types\/post"}],"author":[{"embeddable":true,"href":"https:\/\/encuentroinformativo.com.mx\/index.php?rest_route=\/wp\/v2\/users\/1"}],"replies":[{"embeddable":true,"href":"https:\/\/encuentroinformativo.com.mx\/index.php?rest_route=%2Fwp%2Fv2%2Fcomments&post=10380"}],"version-history":[{"count":1,"href":"https:\/\/encuentroinformativo.com.mx\/index.php?rest_route=\/wp\/v2\/posts\/10380\/revisions"}],"predecessor-version":[{"id":10382,"href":"https:\/\/encuentroinformativo.com.mx\/index.php?rest_route=\/wp\/v2\/posts\/10380\/revisions\/10382"}],"wp:featuredmedia":[{"embeddable":true,"href":"https:\/\/encuentroinformativo.com.mx\/index.php?rest_route=\/wp\/v2\/media\/10381"}],"wp:attachment":[{"href":"https:\/\/encuentroinformativo.com.mx\/index.php?rest_route=%2Fwp%2Fv2%2Fmedia&parent=10380"}],"wp:term":[{"taxonomy":"category","embeddable":true,"href":"https:\/\/encuentroinformativo.com.mx\/index.php?rest_route=%2Fwp%2Fv2%2Fcategories&post=10380"},{"taxonomy":"post_tag","embeddable":true,"href":"https:\/\/encuentroinformativo.com.mx\/index.php?rest_route=%2Fwp%2Fv2%2Ftags&post=10380"}],"curies":[{"name":"wp","href":"https:\/\/api.w.org\/{rel}","templated":true}]}}