{"id":10387,"date":"2021-01-22T18:28:07","date_gmt":"2021-01-23T00:28:07","guid":{"rendered":"https:\/\/encuentroinformativo.com.mx\/?p=10387"},"modified":"2021-01-22T18:28:38","modified_gmt":"2021-01-23T00:28:38","slug":"por-bajas-ventas-comerciantes-piden-recorrer-bloqueos","status":"publish","type":"post","link":"https:\/\/encuentroinformativo.com.mx\/?p=10387","title":{"rendered":"Por bajas ventas, comerciantes piden recorrer bloqueos"},"content":{"rendered":"\n<p><strong>Dar\u00edo Pale <\/strong><\/p>\n\n\n\n<p>Xalapa, Ver.- Debido a que los comerciantes del centro de Xalapa han sufrido perdidas de hasta un 50 por ciento debido a la restricci\u00f3n de la circulaci\u00f3n vehicular este d\u00eda se manifestaron en la esquina de Lucio y Poeta Jes\u00fas D\u00edaz para solicitar a las autorizadas correspondientes que el bloqueo a los veh\u00edculos se traslade a la esquina de Ju\u00e1rez y Lucio.<\/p>\n\n\n\n<p>Entrevistado durante la manifestaci\u00f3n el comerciante Jaime Velasquez dio a conocer que,\u00a0&#8220;las autoridades est\u00e1n buscando que no haya aglomeraciones de gente, pero \u00bfa d\u00f3nde se van esas gentes que vienen a comprar al centro?, a los centros comerciales o a las colonias donde no est\u00e1 cerrado y \u00bfqu\u00e9 pasa?, pues hay m\u00e1s gente acumulada y por ende hay m\u00e1s contagios&#8221;.<\/p>\n\n\n\n<p>La solicitud que est\u00e1n realizando es que recorran los bloqueos, no que los quiten, en ese sentido, asegur\u00f3 que los comerciantes contribuyen con las medidas sanitarias al otorgar gel y cubrebocas, por lo que ayudan a reducir los contagios, por lo que al no llegar autoridades optaron por retirar el bloqueo de 20 de noviembre y Lucio a las calles de Lucio y Ju\u00e1rez.<\/p>\n\n\n\n<p>Aseguraron que la medida que se aplica como parte de la Alerta Preventiva para evitar m\u00e1s contagios de Covid-19, les disminuye hasta en un 50 por ciento las ventas, adem\u00e1s resaltaron que reducir el n\u00famero de autos y no el n\u00famero de personas, no evitar\u00e1 que haya m\u00e1s contagios.<\/p>\n\n\n\n<p>Por su parte el comerciante Alberto Santos se\u00f1al\u00f3 que,\u00a0&#8220;no hay ventas, estamos varios locatarios unidos del centro, del mercado J\u00e1uregui, hasta los ambulantes del centro. Llegaron de la colonia Revoluci\u00f3n, no los convocamos, pero pedimos el di\u00e1logo para que se recorra el bloqueo, pero no s\u00e9 hicieron, por eso es que estamos manifest\u00e1ndonos&#8221;.<\/p>\n\n\n\n<p>&#8220;No estamos en contra de los filtros ni de las medidas sanitarias, estamos en contra de que lo hagan tan lejos, la gente ya no viene a comprar. Nos afecta en un 50 por ciento (las ventas)&#8221;, agreg\u00f3.<\/p>\n\n\n\n<p>Finalmente el comerciante Jaime Vel\u00e1squez, coincidi\u00f3 en que no est\u00e1n en contra de las medidas que han impuestos los gobiernos,\u00a0&#8220;Le hemos pedido a las autoridades que inviten a toda la gente a usar el cubrebocas, lo cual todav\u00eda vemos en las calles que hay mucha gente que no usa el cubrebocas, entonces nosotros no somos responsables de las personas&#8221;, subray\u00f3.<\/p>\n","protected":false},"excerpt":{"rendered":"<p>Dar\u00edo Pale Xalapa, Ver.- Debido a que los comerciantes del centro de Xalapa han sufrido perdidas de hasta un 50 por ciento debido a la restricci\u00f3n de la circulaci\u00f3n vehicular este d\u00eda se manifestaron en la esquina de Lucio y Poeta Jes\u00fas D\u00edaz para solicitar a las autorizadas correspondientes que el bloqueo a los veh\u00edculos [&hellip;]<\/p>\n","protected":false},"author":1,"featured_media":10388,"comment_status":"open","ping_status":"open","sticky":false,"template":"","format":"standard","meta":{"_jetpack_memberships_contains_paid_content":false,"footnotes":""},"categories":[3],"tags":[],"class_list":["post-10387","post","type-post","status-publish","format-standard","has-post-thumbnail","hentry","category-xalapa"],"jetpack_featured_media_url":"https:\/\/encuentroinformativo.com.mx\/wp-content\/uploads\/2021\/01\/8EC6D5E9-587F-4832-B2CA-CF8F437A221A.jpeg","jetpack_sharing_enabled":true,"jetpack_likes_enabled":true,"amp_enabled":true,"_links":{"self":[{"href":"https:\/\/encuentroinformativo.com.mx\/index.php?rest_route=\/wp\/v2\/posts\/10387","targetHints":{"allow":["GET"]}}],"collection":[{"href":"https:\/\/encuentroinformativo.com.mx\/index.php?rest_route=\/wp\/v2\/posts"}],"about":[{"href":"https:\/\/encuentroinformativo.com.mx\/index.php?rest_route=\/wp\/v2\/types\/post"}],"author":[{"embeddable":true,"href":"https:\/\/encuentroinformativo.com.mx\/index.php?rest_route=\/wp\/v2\/users\/1"}],"replies":[{"embeddable":true,"href":"https:\/\/encuentroinformativo.com.mx\/index.php?rest_route=%2Fwp%2Fv2%2Fcomments&post=10387"}],"version-history":[{"count":1,"href":"https:\/\/encuentroinformativo.com.mx\/index.php?rest_route=\/wp\/v2\/posts\/10387\/revisions"}],"predecessor-version":[{"id":10389,"href":"https:\/\/encuentroinformativo.com.mx\/index.php?rest_route=\/wp\/v2\/posts\/10387\/revisions\/10389"}],"wp:featuredmedia":[{"embeddable":true,"href":"https:\/\/encuentroinformativo.com.mx\/index.php?rest_route=\/wp\/v2\/media\/10388"}],"wp:attachment":[{"href":"https:\/\/encuentroinformativo.com.mx\/index.php?rest_route=%2Fwp%2Fv2%2Fmedia&parent=10387"}],"wp:term":[{"taxonomy":"category","embeddable":true,"href":"https:\/\/encuentroinformativo.com.mx\/index.php?rest_route=%2Fwp%2Fv2%2Fcategories&post=10387"},{"taxonomy":"post_tag","embeddable":true,"href":"https:\/\/encuentroinformativo.com.mx\/index.php?rest_route=%2Fwp%2Fv2%2Ftags&post=10387"}],"curies":[{"name":"wp","href":"https:\/\/api.w.org\/{rel}","templated":true}]}}