{"id":10399,"date":"2021-01-23T11:46:31","date_gmt":"2021-01-23T17:46:31","guid":{"rendered":"https:\/\/encuentroinformativo.com.mx\/?p=10399"},"modified":"2021-01-23T11:46:33","modified_gmt":"2021-01-23T17:46:33","slug":"le-interesa-la-vacuna","status":"publish","type":"post","link":"https:\/\/encuentroinformativo.com.mx\/?p=10399","title":{"rendered":"\u00bfLe interesa la vacuna?"},"content":{"rendered":"\n<p><strong>N\u00fameros Rojos<\/strong><\/p>\n\n\n\n<p><strong>Brenda Caballero<\/strong><\/p>\n\n\n\n<p>El n\u00famero con lada 784 son\u00f3 en mi celular. De inmediato me preguntaron por mi abuelo. &#8220;Estamos hablando de parte del Gobierno Federal para ver si est\u00e1 el se\u00f1or \u00a0interesado en ponerse la vacuna de Covid&#8221;. <br>\u00a1Vaya, qu\u00e9 emoci\u00f3n! <\/p>\n\n\n\n<p>\u2013Pens\u00e9, aunque les dije que mi abuelito no pod\u00eda trasladarse por el momento. &#8220;Si est\u00e1 interesado el se\u00f1or, ir\u00eda una brigada a vacunarlo a su casa&#8221;, respondieron. \u00a1Qu\u00e9 felicidad! Volv\u00ed a pensar. <\/p>\n\n\n\n<p>\u00bfY mi abuelita? \u2013pregunt\u00e9\u2013 Ella tambi\u00e9n es adulto mayor. &#8220;Por el momento le hablo por su abuelito&#8221;.\u2013\u00bfY cu\u00e1ndo lo vacunar\u00e1n?<\/p>\n\n\n\n<p>\u2013Despu\u00e9s le van a volver a llamar&#8230; \u00fanicamente yo estoy apoyando para hablar y preguntar si est\u00e1 el se\u00f1or interesado en la vacuna.<br>\u2013Bueno, gracias.Despu\u00e9s de colgar, de inmediato surgieron las preguntas \u00bfEstar\u00e1n haciendo un padr\u00f3n para ver qui\u00e9n quiere vacunarse y qui\u00e9n no? a estas alturas \u00bfhabr\u00e1 quien no quiera vacunarse? \u00bfDe verdad volver\u00e1n a llamar e ir\u00e1n a vacunar a mi abuelo a su casa?<\/p>\n\n\n\n<p>Hace un a\u00f1o ni siquiera pens\u00e1bamos que el tema de vacunaci\u00f3n marcar\u00eda la agenda nacional ni que actualmente ese tema estuviera tan polarizado y que fuera hasta tema electorero.<\/p>\n\n\n\n<p>Como tema nuevo, no tenemos bien definida la reacci\u00f3n de la vacuna contra el Covid (cualquiera que sea el laboratorio), desconocemos si nos dar\u00e1 completa inmunidad, si solamente ser\u00e1 temporal, si evitar\u00e1 grandes complicaciones en la salud de la poblaci\u00f3n y evitar\u00e1 la muerte o simplemente ser\u00e1 un paliativo.<\/p>\n\n\n\n<p>Hablar de la vacuna en M\u00e9xico ha sido una luz de esperanza, pero tambi\u00e9n ha sido complicado. Desde el inicio hemos conocido casos de personas que no est\u00e1n en la primera l\u00ednea y han recibido la dosis de Pfizer, mientras personal m\u00e9dico de hospitales privados se han quejado por no tener acceso inmediato a la vacuna. Por fortuna ya iniciaron con la vacunaci\u00f3n a este sector.<\/p>\n\n\n\n<p>Aparte de los adultos mayores, los maestros de Campeche (estado que est\u00e1 en verde) ya est\u00e1n en el plan de vacunaci\u00f3n federal, \u00bfpero es seguro que los ni\u00f1os regresen a clases presenciales en un mes? <br>Recordemos que los \u00fanicos vacunados ser\u00e1n los docentes, y los ni\u00f1os conviven con padres, abuelos y familiares que a\u00fan no est\u00e1n vacunados. \u00bfUsted mandar\u00eda a sus hijos?<\/p>\n\n\n\n<p>Regresando al tema de la vacuna, apenas el pasado jueves, el Subsecretario de Salud, Hugo L\u00f3pez Gatell, hab\u00eda dicho que ning\u00fan estado o municipio ten\u00eda permitido adquirir vacunas de manera independiente, pues ir\u00eda en contra del Plan Nacional de Vacunaci\u00f3n; sin embargo, el Presidente en su Ma\u00f1anera, dio luz verde para que los gobiernos estatales, municipales y el sector privado puedan adquirirla.<\/p>\n\n\n\n<p>\u00bfPor qu\u00e9 cambi\u00f3 de decisi\u00f3n? Si bien es cierto, el gobierno federal necesita todo el apoyo de todos los gobiernos y sectores para poder vacunar a millones de mexicanos, por el momento, no se puede adquirir por parte del sector privado una vacuna que est\u00e1 en fase experimental a nivel mundial&#8230; aunque en unos meses s\u00ed, claro, con la autorizaci\u00f3n de la Cofepris.<\/p>\n\n\n\n<p>Sin duda, la decisi\u00f3n de apertura del presidente fue correcta, m\u00e1s cuando el sector privado se ha adelantado y ya tiene apalabradas varias vacunas. Con ello, L\u00f3pez Obrador tambi\u00e9n se vacuna de la politizaci\u00f3n del derecho a la salud que tenemos todos los mexicanos.<br>@NumerosRojos_BC<\/p>\n\n\n\n<p><a rel=\"noreferrer noopener\" href=\"mailto:caballero_brenda@hotmail.com\" target=\"_blank\">caballero_brenda@hotmail.com<\/a><\/p>\n","protected":false},"excerpt":{"rendered":"<p>N\u00fameros Rojos Brenda Caballero El n\u00famero con lada 784 son\u00f3 en mi celular. De inmediato me preguntaron por mi abuelo. &#8220;Estamos hablando de parte del Gobierno Federal para ver si est\u00e1 el se\u00f1or \u00a0interesado en ponerse la vacuna de Covid&#8221;. \u00a1Vaya, qu\u00e9 emoci\u00f3n! \u2013Pens\u00e9, aunque les dije que mi abuelito no pod\u00eda trasladarse por el [&hellip;]<\/p>\n","protected":false},"author":1,"featured_media":70,"comment_status":"open","ping_status":"open","sticky":false,"template":"","format":"standard","meta":{"_jetpack_memberships_contains_paid_content":false,"footnotes":""},"categories":[11],"tags":[],"class_list":["post-10399","post","type-post","status-publish","format-standard","has-post-thumbnail","hentry","category-opinion"],"jetpack_featured_media_url":"https:\/\/encuentroinformativo.com.mx\/wp-content\/uploads\/2020\/02\/opinion-invitado.jpg","jetpack_sharing_enabled":true,"jetpack_likes_enabled":true,"amp_enabled":true,"_links":{"self":[{"href":"https:\/\/encuentroinformativo.com.mx\/index.php?rest_route=\/wp\/v2\/posts\/10399","targetHints":{"allow":["GET"]}}],"collection":[{"href":"https:\/\/encuentroinformativo.com.mx\/index.php?rest_route=\/wp\/v2\/posts"}],"about":[{"href":"https:\/\/encuentroinformativo.com.mx\/index.php?rest_route=\/wp\/v2\/types\/post"}],"author":[{"embeddable":true,"href":"https:\/\/encuentroinformativo.com.mx\/index.php?rest_route=\/wp\/v2\/users\/1"}],"replies":[{"embeddable":true,"href":"https:\/\/encuentroinformativo.com.mx\/index.php?rest_route=%2Fwp%2Fv2%2Fcomments&post=10399"}],"version-history":[{"count":1,"href":"https:\/\/encuentroinformativo.com.mx\/index.php?rest_route=\/wp\/v2\/posts\/10399\/revisions"}],"predecessor-version":[{"id":10400,"href":"https:\/\/encuentroinformativo.com.mx\/index.php?rest_route=\/wp\/v2\/posts\/10399\/revisions\/10400"}],"wp:featuredmedia":[{"embeddable":true,"href":"https:\/\/encuentroinformativo.com.mx\/index.php?rest_route=\/wp\/v2\/media\/70"}],"wp:attachment":[{"href":"https:\/\/encuentroinformativo.com.mx\/index.php?rest_route=%2Fwp%2Fv2%2Fmedia&parent=10399"}],"wp:term":[{"taxonomy":"category","embeddable":true,"href":"https:\/\/encuentroinformativo.com.mx\/index.php?rest_route=%2Fwp%2Fv2%2Fcategories&post=10399"},{"taxonomy":"post_tag","embeddable":true,"href":"https:\/\/encuentroinformativo.com.mx\/index.php?rest_route=%2Fwp%2Fv2%2Ftags&post=10399"}],"curies":[{"name":"wp","href":"https:\/\/api.w.org\/{rel}","templated":true}]}}