{"id":10411,"date":"2021-01-23T17:26:39","date_gmt":"2021-01-23T23:26:39","guid":{"rendered":"https:\/\/encuentroinformativo.com.mx\/?p=10411"},"modified":"2021-01-23T17:26:40","modified_gmt":"2021-01-23T23:26:40","slug":"aprueba-ople-carta-intencion-para-candidatos-independientes","status":"publish","type":"post","link":"https:\/\/encuentroinformativo.com.mx\/?p=10411","title":{"rendered":"Aprueba OPLE carta intenci\u00f3n para candidatos independientes"},"content":{"rendered":"\n<p>Xalapa, Ver.- El\u00a0Organismo P\u00fablico Local Electoral del Estado de Veracruz\u00a0(OPLE), celebr\u00f3\u00a0una Sesi\u00f3n\u00a0Extraordinaria\u00a0Urgente en la que se aprobaron las manifestaciones de intenci\u00f3n de quienes solicitaron obtener la calidad de aspirantes a una candidatura independiente, que se le\u00a0concedi\u00f3 a 36 ciudadanos, cuatro\u00a0para las\u00a0diputaciones\u00a0locales y 32\u00a0para presidencias municipales.<\/p>\n\n\n\n<p>Cabe destacar que cinco de los registros son condicionados,\u00a0debido a que deben subsanar datos como la apertura de las cuentas bancarias que servir\u00e1n para la fiscalizaci\u00f3n de los recursos que manejan. Dicho requisito deber\u00e1\u00a0solventarse\u00a0en un\u00a0plazo no mayor a 5 d\u00edas h\u00e1biles, contados a partir de que se les notifique el Acuerdo aprobado.<\/p>\n\n\n\n<p>Al t\u00e9rmino de esta sesi\u00f3n, dio inicio la Sesi\u00f3n Extraordinaria&nbsp;del Consejo General&nbsp;del OPLE, en la que se aprob\u00f3&nbsp;la modificaci\u00f3n de la integraci\u00f3n de las Comisiones Permanentes de: Prerrogativas y Partidos Pol\u00edticos; Quejas y Denuncias, as\u00ed como la lista de prelaci\u00f3n; y de Igualdad de G\u00e9nero y no&nbsp;Discriminaci\u00f3n.<\/p>\n\n\n\n<p>Asimismo, durante la sesi\u00f3n extraordinaria, se&nbsp;autoriz\u00f3la celebraci\u00f3n del Convenio General&nbsp;de Colaboraci\u00f3n Institucional entre este Organismo&nbsp;y&nbsp;el Tribunal Electoral de Veracruz&nbsp;(TEV), con la finalidad se coadyuvar en los asuntos&nbsp;en materia de procedimientos sancionadores y medios de impugnaci\u00f3n.<\/p>\n\n\n\n<p>Para&nbsp;concluir, se aprob\u00f3 la&nbsp;adenda al cat\u00e1logo de tarifas de medios de&nbsp;comunicaci\u00f3n locales y nacionales, distintos a la radio y la televisi\u00f3n,&nbsp;para que sean puestas a disposici\u00f3n de los partidos pol\u00edticos, coaliciones, aspirantes a candidaturas independientes y candidaturas independientes, para su contrataci\u00f3n durante el Proceso Electoral Local Ordinario 2020-2021.<\/p>\n","protected":false},"excerpt":{"rendered":"<p>Xalapa, Ver.- El\u00a0Organismo P\u00fablico Local Electoral del Estado de Veracruz\u00a0(OPLE), celebr\u00f3\u00a0una Sesi\u00f3n\u00a0Extraordinaria\u00a0Urgente en la que se aprobaron las manifestaciones de intenci\u00f3n de quienes solicitaron obtener la calidad de aspirantes a una candidatura independiente, que se le\u00a0concedi\u00f3 a 36 ciudadanos, cuatro\u00a0para las\u00a0diputaciones\u00a0locales y 32\u00a0para presidencias municipales. Cabe destacar que cinco de los registros son condicionados,\u00a0debido a [&hellip;]<\/p>\n","protected":false},"author":1,"featured_media":10412,"comment_status":"open","ping_status":"open","sticky":false,"template":"","format":"standard","meta":{"_jetpack_memberships_contains_paid_content":false,"footnotes":""},"categories":[2],"tags":[],"class_list":["post-10411","post","type-post","status-publish","format-standard","has-post-thumbnail","hentry","category-estado"],"jetpack_featured_media_url":"https:\/\/encuentroinformativo.com.mx\/wp-content\/uploads\/2021\/01\/FFEB4EB9-8979-4136-B67E-BCA32AED41C5.jpeg","jetpack_sharing_enabled":true,"jetpack_likes_enabled":true,"amp_enabled":true,"_links":{"self":[{"href":"https:\/\/encuentroinformativo.com.mx\/index.php?rest_route=\/wp\/v2\/posts\/10411","targetHints":{"allow":["GET"]}}],"collection":[{"href":"https:\/\/encuentroinformativo.com.mx\/index.php?rest_route=\/wp\/v2\/posts"}],"about":[{"href":"https:\/\/encuentroinformativo.com.mx\/index.php?rest_route=\/wp\/v2\/types\/post"}],"author":[{"embeddable":true,"href":"https:\/\/encuentroinformativo.com.mx\/index.php?rest_route=\/wp\/v2\/users\/1"}],"replies":[{"embeddable":true,"href":"https:\/\/encuentroinformativo.com.mx\/index.php?rest_route=%2Fwp%2Fv2%2Fcomments&post=10411"}],"version-history":[{"count":1,"href":"https:\/\/encuentroinformativo.com.mx\/index.php?rest_route=\/wp\/v2\/posts\/10411\/revisions"}],"predecessor-version":[{"id":10413,"href":"https:\/\/encuentroinformativo.com.mx\/index.php?rest_route=\/wp\/v2\/posts\/10411\/revisions\/10413"}],"wp:featuredmedia":[{"embeddable":true,"href":"https:\/\/encuentroinformativo.com.mx\/index.php?rest_route=\/wp\/v2\/media\/10412"}],"wp:attachment":[{"href":"https:\/\/encuentroinformativo.com.mx\/index.php?rest_route=%2Fwp%2Fv2%2Fmedia&parent=10411"}],"wp:term":[{"taxonomy":"category","embeddable":true,"href":"https:\/\/encuentroinformativo.com.mx\/index.php?rest_route=%2Fwp%2Fv2%2Fcategories&post=10411"},{"taxonomy":"post_tag","embeddable":true,"href":"https:\/\/encuentroinformativo.com.mx\/index.php?rest_route=%2Fwp%2Fv2%2Ftags&post=10411"}],"curies":[{"name":"wp","href":"https:\/\/api.w.org\/{rel}","templated":true}]}}