{"id":1043,"date":"2020-03-18T11:26:01","date_gmt":"2020-03-18T17:26:01","guid":{"rendered":"https:\/\/encuentroinformativo.com\/?p=1043"},"modified":"2020-03-18T11:26:03","modified_gmt":"2020-03-18T17:26:03","slug":"estados-unidos-cierra-fronteras-con-canada-por-covid-19","status":"publish","type":"post","link":"https:\/\/encuentroinformativo.com.mx\/?p=1043","title":{"rendered":"Estados Unidos cierra  fronteras con Canad\u00e1 por COVID-19"},"content":{"rendered":"\n<p>Washington  (Fuente: <strong>Notimex<\/strong>).- El presidente Donald Trump anunci\u00f3 hoy que cerrar\u00e1 las fronteras de Estados Unidos con Canad\u00e1,\u00a0 como medida de prevenci\u00f3n para evitar contagios por COVID-19.<\/p>\n\n\n\n<p>Se trata de un acuerdo entre ambas naciones donde el comercio no se ver\u00e1 afectado, y agreg\u00f3 que durante el transcurso del d\u00eda se dar\u00e1n detalles, indic\u00f3&nbsp;a trav\u00e9s de su cuenta de Twitter.<\/p>\n\n\n\n<p>\u201cNosotros, por consentimiento mutuo, cerraremos temporalmente la frontera norte con Canad\u00e1 para el tr\u00e1fico no esencial. El comercio no se ver\u00e1 afectado. Detalles a continuaci\u00f3n\u201d, escribi\u00f3.<\/p>\n\n\n\n<p>El lunes, Canad\u00e1 hab\u00eda anunciado que tomar\u00eda la misma medida, aunque el gobierno del primer ministro, Justin Trudeau, no precis\u00f3 cu\u00e1les viajes ser\u00edan clasificados como \u201cno esenciales&#8221;.<\/p>\n\n\n\n<p>Al momento, Canad\u00e1 tambi\u00e9n mantiene restricciones de viajes tur\u00edsticos para personas provenientes de Europa, principalmente, medida que no aplica para connacionales y personas que cuenten con la ciudadan\u00eda permanente.<\/p>\n","protected":false},"excerpt":{"rendered":"<p>Washington (Fuente: Notimex).- El presidente Donald Trump anunci\u00f3 hoy que cerrar\u00e1 las fronteras de Estados Unidos con Canad\u00e1,\u00a0 como medida de prevenci\u00f3n para evitar contagios por COVID-19. Se trata de un acuerdo entre ambas naciones donde el comercio no se ver\u00e1 afectado, y agreg\u00f3 que durante el transcurso del d\u00eda se dar\u00e1n detalles, indic\u00f3&nbsp;a trav\u00e9s [&hellip;]<\/p>\n","protected":false},"author":1,"featured_media":938,"comment_status":"open","ping_status":"open","sticky":false,"template":"","format":"standard","meta":{"_jetpack_memberships_contains_paid_content":false,"footnotes":""},"categories":[13],"tags":[],"class_list":["post-1043","post","type-post","status-publish","format-standard","has-post-thumbnail","hentry","category-internacional"],"jetpack_featured_media_url":"https:\/\/encuentroinformativo.com.mx\/wp-content\/uploads\/2020\/03\/6ECE8595-63D7-415A-8C55-51C51086A42D.jpeg","jetpack_sharing_enabled":true,"jetpack_likes_enabled":true,"amp_enabled":true,"_links":{"self":[{"href":"https:\/\/encuentroinformativo.com.mx\/index.php?rest_route=\/wp\/v2\/posts\/1043","targetHints":{"allow":["GET"]}}],"collection":[{"href":"https:\/\/encuentroinformativo.com.mx\/index.php?rest_route=\/wp\/v2\/posts"}],"about":[{"href":"https:\/\/encuentroinformativo.com.mx\/index.php?rest_route=\/wp\/v2\/types\/post"}],"author":[{"embeddable":true,"href":"https:\/\/encuentroinformativo.com.mx\/index.php?rest_route=\/wp\/v2\/users\/1"}],"replies":[{"embeddable":true,"href":"https:\/\/encuentroinformativo.com.mx\/index.php?rest_route=%2Fwp%2Fv2%2Fcomments&post=1043"}],"version-history":[{"count":1,"href":"https:\/\/encuentroinformativo.com.mx\/index.php?rest_route=\/wp\/v2\/posts\/1043\/revisions"}],"predecessor-version":[{"id":1044,"href":"https:\/\/encuentroinformativo.com.mx\/index.php?rest_route=\/wp\/v2\/posts\/1043\/revisions\/1044"}],"wp:featuredmedia":[{"embeddable":true,"href":"https:\/\/encuentroinformativo.com.mx\/index.php?rest_route=\/wp\/v2\/media\/938"}],"wp:attachment":[{"href":"https:\/\/encuentroinformativo.com.mx\/index.php?rest_route=%2Fwp%2Fv2%2Fmedia&parent=1043"}],"wp:term":[{"taxonomy":"category","embeddable":true,"href":"https:\/\/encuentroinformativo.com.mx\/index.php?rest_route=%2Fwp%2Fv2%2Fcategories&post=1043"},{"taxonomy":"post_tag","embeddable":true,"href":"https:\/\/encuentroinformativo.com.mx\/index.php?rest_route=%2Fwp%2Fv2%2Ftags&post=1043"}],"curies":[{"name":"wp","href":"https:\/\/api.w.org\/{rel}","templated":true}]}}