{"id":10448,"date":"2021-01-25T10:12:24","date_gmt":"2021-01-25T16:12:24","guid":{"rendered":"https:\/\/encuentroinformativo.com.mx\/?p=10448"},"modified":"2021-01-25T10:12:34","modified_gmt":"2021-01-25T16:12:34","slug":"pri-vara-alta","status":"publish","type":"post","link":"https:\/\/encuentroinformativo.com.mx\/?p=10448","title":{"rendered":"PRI, vara alta"},"content":{"rendered":"\n<p><strong>Los Pol\u00edticos<\/strong>\u00a0<\/p>\n\n\n\n<p><strong>Salvador Mu\u00f1oz<\/strong><\/p>\n\n\n\n<p>Lo f\u00e1cil hubiera sido que Pepe, Am\u00e9rico y Mota pidieran ir de \u201cpluris\u201d, pero al elegir la v\u00eda uninominal, de cierto modo, obligan a su partido ser m\u00e1s exigente en la selecci\u00f3n de quienes pudieran ocupar esta figura con sentido proporcional. Es m\u00e1s, el asunto no s\u00f3lo se circunscribe en su partido, sino igual alcanza a sus aliados. Hasta se podr\u00eda parafrasear la legendaria respuesta del Teniente Segundo, Jake Jenson, de West Point y graduado con honores: \u201cEl PRD y PAN est\u00e1n obligados a buscar a los mejores entre los mejores de los mejores, se\u00f1or!\u201d&#8230; De Hombres de Negro a Candidatos de la Alianza.<\/p>\n\n\n\n<p>As\u00ed es\u2026 por las curules locales, tanto PAN como PRD, tendr\u00e1n que ubicar personajes con conocimiento y experiencia que sumen y de ser posible, multipliquen votos. Dicho en otras palabras: gallos del tama\u00f1o de Pepe, Am\u00e9rico y Mota, precandidatos aparentemente fuertes, posicionados pol\u00edtica y socialmente en sus respectivos distritos (Coatepec y Xalapa), con saber en la presidencia municipal, en las curules locales y federales, as\u00ed como en ramas del Poder Ejecutivo\u2026 nada de curvaturas de aprendizaje ni \u201ca ver qu\u00e9 ideota se nos ocurre\u201d.&nbsp;<\/p>\n\n\n\n<p>(Ok\u2026 siendo precisos, ni Mota ha sido alcalde, ni Pepe ha ocupado cargo en Gobierno del Estado, ni Am\u00e9rico ha sido diputado federal)<\/p>\n\n\n\n<p>El hecho de que estos tres pri\u00edstas decidan ir a la uninominal, repito, no es f\u00e1cil\u2026 no cuando la alternancia ya no permite amarrar perros con longaniza, pero creo que hay que reconocer que la situaci\u00f3n por la que atraviesa el pa\u00eds, en cualquier t\u00e9rmino, har\u00eda ver mal a Pepe, Am\u00e9rico y Mota, por citar a algunos, evadiendo de cierto modo su responsabilidad pol\u00edtica, primero, con su partido\u2026 y si me permiten, hasta con los ciudadanos, por un lado, de su distrito; por el otro, con los veracruzanos y los mexicanos.<\/p>\n\n\n\n<p>\u00bfPor qu\u00e9 citar esto? la Cuarta Transformaci\u00f3n debe ser el parteaguas para que sea en serio esta Transformaci\u00f3n. No hay que pelearse con la Alternancia, pero el ciudadano debe entender que hay que tener contrapesos para evitar lo que se quiso eliminar y ahora s\u00f3lo se disfraza con discursos ma\u00f1aneros: autoritarismo, poder absoluto, corrupci\u00f3n.<\/p>\n\n\n\n<p>Si acaso Pepe, Am\u00e9rico y Mota llegaran a San L\u00e1zaro junto con otros m\u00e1s que significaran una mayor\u00eda como Oposici\u00f3n, uno espera (igual como ocurre en cada proceso electoral) que act\u00faen, pero ya no se les pedir\u00eda que en beneficio de sus representados ni en pro de los veracruzanos\u2026 sino pensando en M\u00e9xico.<\/p>\n\n\n\n<p>Esto no implica convertirse en el antagonista perfecto de Andr\u00e9s Manuel L\u00f3pez Obrador\u2026 al contrario\u2026 se insiste: es volverse en un contrapeso que implique encontrar el equilibrio, el justo medio que obligue al Poder Ejecutivo a reflexionar, cavilar, consensuar, llegar al di\u00e1logo y entender qu\u00e9 es lo mejor para el ciudadano\u2026 porque quiz\u00e1s es lo que le pasa a la Cuatro-T y por eso no despega: No hay fuerza que frene sus \u00edmpetus y s\u00ed focas que le aplauden hasta porque se eche un pedo.<\/p>\n\n\n\n<p>Igual uno espera que el PAN lleve sus mejores cartas en la contienda; que el PRD hurgue con el mismo prop\u00f3sito; \u00a1vamos! como dijeran al inicio de cada mes los internautas: \u201c\u00a1S\u00f3rprendeme, Morena!\u201d y que nos exponga naipes interesantes, no producto de la t\u00f3mbola porque nos dej\u00f3 en claro, en estos primeros tres a\u00f1os de gobierno municipal y diputados locales, y otros dos m\u00e1s de Gobierno federal y estatal, que por falta de ganas, no paran\u2026 pero M\u00e9xico no requiere de buenas intenciones, sino de experiencia probada que igual se puede encontrar en el PRI con Pepe Yunes, Am\u00e9rico Z\u00fa\u00f1iga, Adolfo Mota; hay que esperar qu\u00e9 dice el PAN, el PRD, \u00a1vamos! \u00a1insisto! hasta qu\u00e9 proponga Morena\u2026 Mientras, el PRI ya puso vara alta.<\/p>\n\n\n\n<p><a href=\"mailto:smcainito@gmail.com\" target=\"_blank\" rel=\"noreferrer noopener\">smcainito@gmail.com<\/a><\/p>\n","protected":false},"excerpt":{"rendered":"<p>Los Pol\u00edticos\u00a0 Salvador Mu\u00f1oz Lo f\u00e1cil hubiera sido que Pepe, Am\u00e9rico y Mota pidieran ir de \u201cpluris\u201d, pero al elegir la v\u00eda uninominal, de cierto modo, obligan a su partido ser m\u00e1s exigente en la selecci\u00f3n de quienes pudieran ocupar esta figura con sentido proporcional. Es m\u00e1s, el asunto no s\u00f3lo se circunscribe en su [&hellip;]<\/p>\n","protected":false},"author":1,"featured_media":70,"comment_status":"open","ping_status":"open","sticky":false,"template":"","format":"standard","meta":{"_jetpack_memberships_contains_paid_content":false,"footnotes":""},"categories":[11],"tags":[],"class_list":["post-10448","post","type-post","status-publish","format-standard","has-post-thumbnail","hentry","category-opinion"],"jetpack_featured_media_url":"https:\/\/encuentroinformativo.com.mx\/wp-content\/uploads\/2020\/02\/opinion-invitado.jpg","jetpack_sharing_enabled":true,"jetpack_likes_enabled":true,"amp_enabled":true,"_links":{"self":[{"href":"https:\/\/encuentroinformativo.com.mx\/index.php?rest_route=\/wp\/v2\/posts\/10448","targetHints":{"allow":["GET"]}}],"collection":[{"href":"https:\/\/encuentroinformativo.com.mx\/index.php?rest_route=\/wp\/v2\/posts"}],"about":[{"href":"https:\/\/encuentroinformativo.com.mx\/index.php?rest_route=\/wp\/v2\/types\/post"}],"author":[{"embeddable":true,"href":"https:\/\/encuentroinformativo.com.mx\/index.php?rest_route=\/wp\/v2\/users\/1"}],"replies":[{"embeddable":true,"href":"https:\/\/encuentroinformativo.com.mx\/index.php?rest_route=%2Fwp%2Fv2%2Fcomments&post=10448"}],"version-history":[{"count":1,"href":"https:\/\/encuentroinformativo.com.mx\/index.php?rest_route=\/wp\/v2\/posts\/10448\/revisions"}],"predecessor-version":[{"id":10449,"href":"https:\/\/encuentroinformativo.com.mx\/index.php?rest_route=\/wp\/v2\/posts\/10448\/revisions\/10449"}],"wp:featuredmedia":[{"embeddable":true,"href":"https:\/\/encuentroinformativo.com.mx\/index.php?rest_route=\/wp\/v2\/media\/70"}],"wp:attachment":[{"href":"https:\/\/encuentroinformativo.com.mx\/index.php?rest_route=%2Fwp%2Fv2%2Fmedia&parent=10448"}],"wp:term":[{"taxonomy":"category","embeddable":true,"href":"https:\/\/encuentroinformativo.com.mx\/index.php?rest_route=%2Fwp%2Fv2%2Fcategories&post=10448"},{"taxonomy":"post_tag","embeddable":true,"href":"https:\/\/encuentroinformativo.com.mx\/index.php?rest_route=%2Fwp%2Fv2%2Ftags&post=10448"}],"curies":[{"name":"wp","href":"https:\/\/api.w.org\/{rel}","templated":true}]}}