{"id":10450,"date":"2021-01-25T12:56:23","date_gmt":"2021-01-25T18:56:23","guid":{"rendered":"https:\/\/encuentroinformativo.com.mx\/?p=10450"},"modified":"2021-01-25T12:56:25","modified_gmt":"2021-01-25T18:56:25","slug":"acoso-disminuye-aspiracion-de-mujeres-a-cargos-publicos","status":"publish","type":"post","link":"https:\/\/encuentroinformativo.com.mx\/?p=10450","title":{"rendered":"Acoso, disminuye aspiraci\u00f3n de mujeres a cargos p\u00fablicos"},"content":{"rendered":"\n<p><strong>Alejandro \u00c1vila<\/strong><\/p>\n\n\n\n<p>Boca del R\u00edo, Ver.- Seg\u00fan un estudio realizado por la Fundaci\u00f3n &#8220;Mujeres de Impacto Social&#8221;, decenas de mujeres desean participar en la pol\u00edtica, pero los acosos que sufren constantemente han hecho que muchas de ellas desistan de participar por un cargo p\u00fablico.<\/p>\n\n\n\n<p>Lissethe Mart\u00ednez Echeverr\u00eda, presidenta de &#8220;Mujeres de Impacto Social&#8221; detall\u00f3 que la iniciativa de 3 de 3 contra la violencia en raz\u00f3n de g\u00e9nero ayudar\u00e1 mucho a combatir esta agresi\u00f3n a las aspirantes a un cargo p\u00fablico, a la par, ellos en coordinaci\u00f3n con Fundaci\u00f3n CBRO organizan un Foro de Capacitaci\u00f3n Pol\u00edtica para mujeres, denominado &#8220;El ABC de la Candidata 2021&#8221;.<\/p>\n\n\n\n<p>En este foro se dar\u00e1 un paquete integral de conocimiento y herramientas para todas las mujeres que aspiren a un cargo p\u00fablico, ya que lo que se busca es quitar estereotipos de la mujer en la pol\u00edtica.<\/p>\n\n\n\n<p>En este foro se dar\u00e1n talleres de Dise\u00f1o de Imagen a cargo de Flor Campos; Fiscalizaci\u00f3n y Contabilidad en Campa\u00f1a, que impartir\u00e1 Pablo Caballero P\u00e9rez; Ley de Igualdad de G\u00e9nero que expondr\u00e1 Monica Mendoza, entre otros temas.<\/p>\n\n\n\n<p>&#8220;Esta invitaci\u00f3n y esta convocatoria es totalmente gratuita, y es para todas las mujeres que aspiren a una candidatura en las siguientes elecciones. Cabe mencionar que vamos a estar participando alrededor de mil, mil veinte candidaturas en nuestro Estado, dentro de ellos las diputaciones locales, ayuntamientos, regidur\u00edas, sindicaturas, entonces queremos que las mujeres tengamos una excelente participaci\u00f3n, en base a la herramientas que les vamos a estar otorgando en este foro&#8221;, asest\u00f3.<\/p>\n\n\n\n<p>El Foro se llevar\u00e1 a cabo este s\u00e1bado 6 de febrero en el hotel Bello con horario de 9 de la ma\u00f1ana a 9 de la noche; en la p\u00e1gina de Mujeres de Impacto Social pueden pedir mayores informes.<\/p>\n","protected":false},"excerpt":{"rendered":"<p>Alejandro \u00c1vila Boca del R\u00edo, Ver.- Seg\u00fan un estudio realizado por la Fundaci\u00f3n &#8220;Mujeres de Impacto Social&#8221;, decenas de mujeres desean participar en la pol\u00edtica, pero los acosos que sufren constantemente han hecho que muchas de ellas desistan de participar por un cargo p\u00fablico. Lissethe Mart\u00ednez Echeverr\u00eda, presidenta de &#8220;Mujeres de Impacto Social&#8221; detall\u00f3 que [&hellip;]<\/p>\n","protected":false},"author":1,"featured_media":10451,"comment_status":"open","ping_status":"open","sticky":false,"template":"","format":"standard","meta":{"_jetpack_memberships_contains_paid_content":false,"footnotes":""},"categories":[2],"tags":[],"class_list":["post-10450","post","type-post","status-publish","format-standard","has-post-thumbnail","hentry","category-estado"],"jetpack_featured_media_url":"https:\/\/encuentroinformativo.com.mx\/wp-content\/uploads\/2021\/01\/6D6B2E57-27B5-4574-BD72-647EA0380042.jpeg","jetpack_sharing_enabled":true,"jetpack_likes_enabled":true,"amp_enabled":true,"_links":{"self":[{"href":"https:\/\/encuentroinformativo.com.mx\/index.php?rest_route=\/wp\/v2\/posts\/10450","targetHints":{"allow":["GET"]}}],"collection":[{"href":"https:\/\/encuentroinformativo.com.mx\/index.php?rest_route=\/wp\/v2\/posts"}],"about":[{"href":"https:\/\/encuentroinformativo.com.mx\/index.php?rest_route=\/wp\/v2\/types\/post"}],"author":[{"embeddable":true,"href":"https:\/\/encuentroinformativo.com.mx\/index.php?rest_route=\/wp\/v2\/users\/1"}],"replies":[{"embeddable":true,"href":"https:\/\/encuentroinformativo.com.mx\/index.php?rest_route=%2Fwp%2Fv2%2Fcomments&post=10450"}],"version-history":[{"count":1,"href":"https:\/\/encuentroinformativo.com.mx\/index.php?rest_route=\/wp\/v2\/posts\/10450\/revisions"}],"predecessor-version":[{"id":10452,"href":"https:\/\/encuentroinformativo.com.mx\/index.php?rest_route=\/wp\/v2\/posts\/10450\/revisions\/10452"}],"wp:featuredmedia":[{"embeddable":true,"href":"https:\/\/encuentroinformativo.com.mx\/index.php?rest_route=\/wp\/v2\/media\/10451"}],"wp:attachment":[{"href":"https:\/\/encuentroinformativo.com.mx\/index.php?rest_route=%2Fwp%2Fv2%2Fmedia&parent=10450"}],"wp:term":[{"taxonomy":"category","embeddable":true,"href":"https:\/\/encuentroinformativo.com.mx\/index.php?rest_route=%2Fwp%2Fv2%2Fcategories&post=10450"},{"taxonomy":"post_tag","embeddable":true,"href":"https:\/\/encuentroinformativo.com.mx\/index.php?rest_route=%2Fwp%2Fv2%2Ftags&post=10450"}],"curies":[{"name":"wp","href":"https:\/\/api.w.org\/{rel}","templated":true}]}}