{"id":10453,"date":"2021-01-25T13:32:05","date_gmt":"2021-01-25T19:32:05","guid":{"rendered":"https:\/\/encuentroinformativo.com.mx\/?p=10453"},"modified":"2021-01-25T13:33:05","modified_gmt":"2021-01-25T19:33:05","slug":"pasa-veracruz-al-cuarto-lugar-de-estados-con-mayor-poblacion","status":"publish","type":"post","link":"https:\/\/encuentroinformativo.com.mx\/?p=10453","title":{"rendered":"Pasa Veracruz al cuarto lugar de estados con mayor poblaci\u00f3n"},"content":{"rendered":"\n<p><strong>Juan Arcos <\/strong><\/p>\n\n\n\n<p>Xalapa, Ver.- Veracruz pas\u00f3 del tercer al cuarto lugar a nivel nacional con mayor n\u00famero de habitantes, de acuerdo con los resultados del Censo de Poblaci\u00f3n y Vivienda 2020 que elabora cada diez a\u00f1os el Instituto Nacional de Estad\u00edstica y Geograf\u00eda (Inegi).<\/p>\n\n\n\n<p>En conferencia de prensa virtual, el presidente del Inegi, Julio Alfonso Santaella Castell, dio a conocer que en Veracruz hay 8 millones 62 mil 579 habitantes.<\/p>\n\n\n\n<p>Esta situaci\u00f3n lo ubica detr\u00e1s del estado de Jalisco, mismo que cuenta con m\u00e1s de 8 millones 300 mil habitantes. Adem\u00e1s, la primera posici\u00f3n la ocupa el Estado de M\u00e9xico con m\u00e1s de 16 millones 900 mil habitantes y, la segunda, la Ciudad de M\u00e9xico con m\u00e1s de 9 millones 200 mil pobladores.<\/p>\n\n\n\n<p>El especialista detall\u00f3 que Veracruz, al igual que la Ciudad de M\u00e9xico y Guerrero, tienen una tasa de crecimiento demogr\u00e1fico promedio anual de 0.5 por ciento.<\/p>\n\n\n\n<p>Mientras que el estado de Quintana Roo es el que tiene la tasa de crecimiento demogr\u00e1fico m\u00e1s elevada con el 3.5 por ciento.<\/p>\n\n\n\n<p>Santaella Castell refiri\u00f3 que el crecimiento demogr\u00e1fico es producto de varios factores que est\u00e1n incidiendo en el n\u00famero de poblaci\u00f3n como la fecundidad, la mortalidad y la migraci\u00f3n.<\/p>\n\n\n\n<p>Revel\u00f3 que otro dato importante es que la edad mediana de la poblaci\u00f3n mexicana increment\u00f3 de 22 a 29 a\u00f1os del a\u00f1o 2000 2020.<\/p>\n\n\n\n<p>A\u00f1adi\u00f3 que en el pa\u00eds hay m\u00e1s de 15 millones de personas residentes que tienen 60 a\u00f1os o m\u00e1s, un dato que resulta tambi\u00e9n muy relevante para distintas aplicaciones como la campa\u00f1a de vacunaci\u00f3n que se est\u00e1 emprendiendo en nuestro pa\u00eds.<\/p>\n\n\n\n<p>\u201cEste crecimiento paulatino de envejecimiento se puede ver en la edad mediana que tiene nuestro pa\u00eds\u201d, enfatiz\u00f3.<\/p>\n","protected":false},"excerpt":{"rendered":"<p>Juan Arcos Xalapa, Ver.- Veracruz pas\u00f3 del tercer al cuarto lugar a nivel nacional con mayor n\u00famero de habitantes, de acuerdo con los resultados del Censo de Poblaci\u00f3n y Vivienda 2020 que elabora cada diez a\u00f1os el Instituto Nacional de Estad\u00edstica y Geograf\u00eda (Inegi). En conferencia de prensa virtual, el presidente del Inegi, Julio Alfonso [&hellip;]<\/p>\n","protected":false},"author":1,"featured_media":10454,"comment_status":"open","ping_status":"open","sticky":false,"template":"","format":"standard","meta":{"_jetpack_memberships_contains_paid_content":false,"footnotes":""},"categories":[2],"tags":[],"class_list":["post-10453","post","type-post","status-publish","format-standard","has-post-thumbnail","hentry","category-estado"],"jetpack_featured_media_url":"https:\/\/encuentroinformativo.com.mx\/wp-content\/uploads\/2021\/01\/62476CF5-C93D-4411-A1AB-6370BDE530E3.png","jetpack_sharing_enabled":true,"jetpack_likes_enabled":true,"amp_enabled":true,"_links":{"self":[{"href":"https:\/\/encuentroinformativo.com.mx\/index.php?rest_route=\/wp\/v2\/posts\/10453","targetHints":{"allow":["GET"]}}],"collection":[{"href":"https:\/\/encuentroinformativo.com.mx\/index.php?rest_route=\/wp\/v2\/posts"}],"about":[{"href":"https:\/\/encuentroinformativo.com.mx\/index.php?rest_route=\/wp\/v2\/types\/post"}],"author":[{"embeddable":true,"href":"https:\/\/encuentroinformativo.com.mx\/index.php?rest_route=\/wp\/v2\/users\/1"}],"replies":[{"embeddable":true,"href":"https:\/\/encuentroinformativo.com.mx\/index.php?rest_route=%2Fwp%2Fv2%2Fcomments&post=10453"}],"version-history":[{"count":2,"href":"https:\/\/encuentroinformativo.com.mx\/index.php?rest_route=\/wp\/v2\/posts\/10453\/revisions"}],"predecessor-version":[{"id":10456,"href":"https:\/\/encuentroinformativo.com.mx\/index.php?rest_route=\/wp\/v2\/posts\/10453\/revisions\/10456"}],"wp:featuredmedia":[{"embeddable":true,"href":"https:\/\/encuentroinformativo.com.mx\/index.php?rest_route=\/wp\/v2\/media\/10454"}],"wp:attachment":[{"href":"https:\/\/encuentroinformativo.com.mx\/index.php?rest_route=%2Fwp%2Fv2%2Fmedia&parent=10453"}],"wp:term":[{"taxonomy":"category","embeddable":true,"href":"https:\/\/encuentroinformativo.com.mx\/index.php?rest_route=%2Fwp%2Fv2%2Fcategories&post=10453"},{"taxonomy":"post_tag","embeddable":true,"href":"https:\/\/encuentroinformativo.com.mx\/index.php?rest_route=%2Fwp%2Fv2%2Ftags&post=10453"}],"curies":[{"name":"wp","href":"https:\/\/api.w.org\/{rel}","templated":true}]}}