{"id":10457,"date":"2021-01-25T13:47:41","date_gmt":"2021-01-25T19:47:41","guid":{"rendered":"https:\/\/encuentroinformativo.com.mx\/?p=10457"},"modified":"2021-01-25T13:47:44","modified_gmt":"2021-01-25T19:47:44","slug":"incluira-inegi-a-comunidad-gay-en-encuestas","status":"publish","type":"post","link":"https:\/\/encuentroinformativo.com.mx\/?p=10457","title":{"rendered":"Incluir\u00e1 INEGI a comunidad gay en encuestas"},"content":{"rendered":"\n<p><strong>Juan Arcos<\/strong> <\/p>\n\n\n\n<p>Xalapa, Ver.- El Instituto Nacional de Estad\u00edstica y Geograf\u00eda (Inegi) trabaja en la aplicaci\u00f3n de una encuesta durante el segundo semestre de este a\u00f1o, que incluya a la comunidad L\u00e9sbico, Gay, Bisexual y Transexual (LGBT).<\/p>\n\n\n\n<p>As\u00ed lo dio a conocer el director general de Estad\u00edsticas Sociodemogr\u00e1ficas del Inegi, Edgar Vielma, quien a\u00f1adi\u00f3 que ya fue realizada la primera prueba en la tem\u00e1tica, misma que concluy\u00f3 con \u00e9xito.<\/p>\n\n\n\n<p>\u201cNos estamos preparando y lo anuncio a la poblaci\u00f3n para realizar en el segundo semestre de este a\u00f1o ya formalmente la encuesta especializada que se llamar\u00e1 Endisec, eso nos congratula porque adem\u00e1s fue trabajado con todos estos colectivos\u201d.<\/p>\n\n\n\n<p>En conferencia de prensa virtual, inform\u00f3 que se ha laborado de manera coordinada con colectivos de la diversidad sexual, la Comisi\u00f3n Nacional de Derechos Humanos (CNDH) y el Consejo Nacional para Prevenir y Erradicar la Discriminaci\u00f3n (Conapred).<\/p>\n\n\n\n<p>Detall\u00f3 que lo anterior ha permitido dialogar sobre la aplicaci\u00f3n de instrumentos especializados con poblaci\u00f3n directa.<\/p>\n\n\n\n<p>\u201cRecordemos que en el censo se le pregunta dentro de la vivienda a una persona por terceros dentro de la propia vivienda, pero en las t\u00e9cnicas internacionales, la recomendaci\u00f3n metodol\u00f3gica es que tenga que ser con el informante directo, esto lo permiten las encuestas especializadas\u201d.<\/p>\n\n\n\n<p>En ese sentido, indic\u00f3 que la encuesta especializada que incluye a la comunicad de la diversidad sexual permitir\u00e1 tener mediciones puntuales.<\/p>\n\n\n\n<p>Lo anterior, permitir\u00e1 conocer el n\u00famero de pobladores que forman parte de dicha comunidad, as\u00ed como tambi\u00e9n, los que tienen empleo, acceso a seguridad social y otros factores.<\/p>\n","protected":false},"excerpt":{"rendered":"<p>Juan Arcos Xalapa, Ver.- El Instituto Nacional de Estad\u00edstica y Geograf\u00eda (Inegi) trabaja en la aplicaci\u00f3n de una encuesta durante el segundo semestre de este a\u00f1o, que incluya a la comunidad L\u00e9sbico, Gay, Bisexual y Transexual (LGBT). As\u00ed lo dio a conocer el director general de Estad\u00edsticas Sociodemogr\u00e1ficas del Inegi, Edgar Vielma, quien a\u00f1adi\u00f3 que [&hellip;]<\/p>\n","protected":false},"author":1,"featured_media":10458,"comment_status":"open","ping_status":"open","sticky":false,"template":"","format":"standard","meta":{"_jetpack_memberships_contains_paid_content":false,"footnotes":""},"categories":[12],"tags":[],"class_list":["post-10457","post","type-post","status-publish","format-standard","has-post-thumbnail","hentry","category-nacional"],"jetpack_featured_media_url":"https:\/\/encuentroinformativo.com.mx\/wp-content\/uploads\/2021\/01\/2B04471E-F7EF-455B-A869-EFD274F3043E.png","jetpack_sharing_enabled":true,"jetpack_likes_enabled":true,"amp_enabled":true,"_links":{"self":[{"href":"https:\/\/encuentroinformativo.com.mx\/index.php?rest_route=\/wp\/v2\/posts\/10457","targetHints":{"allow":["GET"]}}],"collection":[{"href":"https:\/\/encuentroinformativo.com.mx\/index.php?rest_route=\/wp\/v2\/posts"}],"about":[{"href":"https:\/\/encuentroinformativo.com.mx\/index.php?rest_route=\/wp\/v2\/types\/post"}],"author":[{"embeddable":true,"href":"https:\/\/encuentroinformativo.com.mx\/index.php?rest_route=\/wp\/v2\/users\/1"}],"replies":[{"embeddable":true,"href":"https:\/\/encuentroinformativo.com.mx\/index.php?rest_route=%2Fwp%2Fv2%2Fcomments&post=10457"}],"version-history":[{"count":1,"href":"https:\/\/encuentroinformativo.com.mx\/index.php?rest_route=\/wp\/v2\/posts\/10457\/revisions"}],"predecessor-version":[{"id":10459,"href":"https:\/\/encuentroinformativo.com.mx\/index.php?rest_route=\/wp\/v2\/posts\/10457\/revisions\/10459"}],"wp:featuredmedia":[{"embeddable":true,"href":"https:\/\/encuentroinformativo.com.mx\/index.php?rest_route=\/wp\/v2\/media\/10458"}],"wp:attachment":[{"href":"https:\/\/encuentroinformativo.com.mx\/index.php?rest_route=%2Fwp%2Fv2%2Fmedia&parent=10457"}],"wp:term":[{"taxonomy":"category","embeddable":true,"href":"https:\/\/encuentroinformativo.com.mx\/index.php?rest_route=%2Fwp%2Fv2%2Fcategories&post=10457"},{"taxonomy":"post_tag","embeddable":true,"href":"https:\/\/encuentroinformativo.com.mx\/index.php?rest_route=%2Fwp%2Fv2%2Ftags&post=10457"}],"curies":[{"name":"wp","href":"https:\/\/api.w.org\/{rel}","templated":true}]}}