{"id":10460,"date":"2021-01-25T14:12:48","date_gmt":"2021-01-25T20:12:48","guid":{"rendered":"https:\/\/encuentroinformativo.com.mx\/?p=10460"},"modified":"2021-01-25T14:12:51","modified_gmt":"2021-01-25T20:12:51","slug":"denuncian-omision-de-fiscales-en-la-zona-sur","status":"publish","type":"post","link":"https:\/\/encuentroinformativo.com.mx\/?p=10460","title":{"rendered":"Denuncian omisi\u00f3n de fiscales en la zona sur"},"content":{"rendered":"\n<p><strong>Dar\u00edo Pale <\/strong><\/p>\n\n\n\n<p>Xalapa, Ver.- Denuncian p\u00fablicamente que a pesar de ser v\u00edctima de una agresi\u00f3n por interponer una denuncia por da\u00f1os a su propiedad por parte de la exalcaldesa de Nanchital, Brenda Esther Manzanillo Rico, la fiscal n\u00famero 2 de Nanchital, Esperanza Gonz\u00e1lez Hern\u00e1ndez, en lugar de ayudarla, junto con su esposo la han revictimizado y han protegido a la denunciada, as\u00ed lo se\u00f1al\u00f3 la\u00a0se\u00f1ora Miriam Lidia Incl\u00e1n Maga\u00f1a.<\/p>\n\n\n\n<p>Entrevistada durante su manifestaci\u00f3n en la plaza Lerdo dio a conocer que en 2014, la expresidenta y actual l\u00edder del PRI de su municipio, a trav\u00e9s de sus trabajadores, fisur\u00f3 la loza de la casa de su mam\u00e1, motivo por el que present\u00f3 las denuncias correspondientes, pero desde entonces ella y su hija s\u00f3lo ha sido objeto de agresiones por parte de funcionarios de la Fiscal\u00eda.<\/p>\n\n\n\n<p>Consider\u00f3 que no se hizo nada en ese momento porque qui\u00e9n gobernaba era el PRI y prevalec\u00eda &#8220;la mafia del poder,\u00a0no le dieron seguimiento, la casa es de mi madre, es de la tercera edad&#8230;luego quisieron golpear a mi hija, me golpearon a mi, y tampoco le han dado seguimiento&#8221;.<\/p>\n\n\n\n<p>Puntualiz\u00f3 que la fiscal n\u00famero 2 de Nanchital, Esperanza Gonz\u00e1lez Hern\u00e1ndez, la agredi\u00f3, mientras que el c\u00f3nyuge de \u00e9sta, de nombre Valent\u00edn la ha amenazado,\u00a0&#8220;debido a todo eso quisieron golpear a mi hija, me golpearon a mi. Puse mi denuncia, la fiscal Esperanza Gonz\u00e1lez rompi\u00f3 mi denuncia y han sido toda una serie de anomal\u00edas en mi municipio.<\/p>\n\n\n\n<p>Me quej\u00e9 con el fiscal regional, Claudio Iv\u00e1n de la Vega y no he tenido respuesta alguna. Primero me quej\u00e9 con la licenciada a cargo, la licenciada Abigail y as\u00ed vine a Xalapa a meter papeles con la fiscal Ver\u00f3nica Hern\u00e1ndez Giad\u00e1ns, a la contralor\u00eda interna, a la Fiscal\u00eda Anticorrupci\u00f3n, pero el tr\u00e1fico de influencias sigue&#8221;, denunci\u00f3 durante su manifestaci\u00f3n.<\/p>\n\n\n\n<p>Finalmente afirm\u00f3 que incluso le extraviaron su expediente y lo \u00fanico que hacen es hacerla dar vueltas para localizar una copia del mismo.<\/p>\n","protected":false},"excerpt":{"rendered":"<p>Dar\u00edo Pale Xalapa, Ver.- Denuncian p\u00fablicamente que a pesar de ser v\u00edctima de una agresi\u00f3n por interponer una denuncia por da\u00f1os a su propiedad por parte de la exalcaldesa de Nanchital, Brenda Esther Manzanillo Rico, la fiscal n\u00famero 2 de Nanchital, Esperanza Gonz\u00e1lez Hern\u00e1ndez, en lugar de ayudarla, junto con su esposo la han revictimizado [&hellip;]<\/p>\n","protected":false},"author":1,"featured_media":10461,"comment_status":"open","ping_status":"open","sticky":false,"template":"","format":"standard","meta":{"_jetpack_memberships_contains_paid_content":false,"footnotes":""},"categories":[2],"tags":[],"class_list":["post-10460","post","type-post","status-publish","format-standard","has-post-thumbnail","hentry","category-estado"],"jetpack_featured_media_url":"https:\/\/encuentroinformativo.com.mx\/wp-content\/uploads\/2021\/01\/FA261875-5ED8-4FDC-A739-DA9632F2A4F3.jpeg","jetpack_sharing_enabled":true,"jetpack_likes_enabled":true,"amp_enabled":true,"_links":{"self":[{"href":"https:\/\/encuentroinformativo.com.mx\/index.php?rest_route=\/wp\/v2\/posts\/10460","targetHints":{"allow":["GET"]}}],"collection":[{"href":"https:\/\/encuentroinformativo.com.mx\/index.php?rest_route=\/wp\/v2\/posts"}],"about":[{"href":"https:\/\/encuentroinformativo.com.mx\/index.php?rest_route=\/wp\/v2\/types\/post"}],"author":[{"embeddable":true,"href":"https:\/\/encuentroinformativo.com.mx\/index.php?rest_route=\/wp\/v2\/users\/1"}],"replies":[{"embeddable":true,"href":"https:\/\/encuentroinformativo.com.mx\/index.php?rest_route=%2Fwp%2Fv2%2Fcomments&post=10460"}],"version-history":[{"count":1,"href":"https:\/\/encuentroinformativo.com.mx\/index.php?rest_route=\/wp\/v2\/posts\/10460\/revisions"}],"predecessor-version":[{"id":10462,"href":"https:\/\/encuentroinformativo.com.mx\/index.php?rest_route=\/wp\/v2\/posts\/10460\/revisions\/10462"}],"wp:featuredmedia":[{"embeddable":true,"href":"https:\/\/encuentroinformativo.com.mx\/index.php?rest_route=\/wp\/v2\/media\/10461"}],"wp:attachment":[{"href":"https:\/\/encuentroinformativo.com.mx\/index.php?rest_route=%2Fwp%2Fv2%2Fmedia&parent=10460"}],"wp:term":[{"taxonomy":"category","embeddable":true,"href":"https:\/\/encuentroinformativo.com.mx\/index.php?rest_route=%2Fwp%2Fv2%2Fcategories&post=10460"},{"taxonomy":"post_tag","embeddable":true,"href":"https:\/\/encuentroinformativo.com.mx\/index.php?rest_route=%2Fwp%2Fv2%2Ftags&post=10460"}],"curies":[{"name":"wp","href":"https:\/\/api.w.org\/{rel}","templated":true}]}}