{"id":10463,"date":"2021-01-25T14:21:13","date_gmt":"2021-01-25T20:21:13","guid":{"rendered":"https:\/\/encuentroinformativo.com.mx\/?p=10463"},"modified":"2021-01-25T14:21:43","modified_gmt":"2021-01-25T20:21:43","slug":"pandemia-retrasa-trabajo-legislativo-justifica-cazarin","status":"publish","type":"post","link":"https:\/\/encuentroinformativo.com.mx\/?p=10463","title":{"rendered":"Pandemia retrasa trabajo legislativo, justifica Cazar\u00edn"},"content":{"rendered":"\n<p><strong>Alejandro \u00c1vila<\/strong><\/p>\n\n\n\n<p>Boca del R\u00edo, Ver.- Los retrasos que se tienen en el Congreso del Estado de Veracruz se deben en gran parte a la pandemia por COVID-19, toda vez que desde hace una a\u00f1o est\u00e1n trabajando solo con el 30 por ciento del personal que labora en el Poder Legislativo, inform\u00f3 el diputado local, Juan Javier G\u00f3mez Cazar\u00edn.<\/p>\n\n\n\n<p>El presidente de la Junta de Coordinaci\u00f3n Pol\u00edtica (JUCOPO), acus\u00f3 que si hay un reclamo de los grupos legislativos de oposici\u00f3n por un bajo nivel de aprobaci\u00f3n de iniciativas, esto se debe a que a diferencia de otras, en esta legislatura se han presentado menos iniciativas que en otras ocasiones.<\/p>\n\n\n\n<p>G\u00f3mez Cazarin, reconoci\u00f3 que se encuentran trabajando a marchas forzadas, ya que el rebrote de COVID-19, el proceso electoral 2021 y las licencias que est\u00e1n pidiendo los diputados para buscar otro cargo p\u00fablico los puede atrasar de m\u00e1s.<\/p>\n\n\n\n<p>&#8220;No podemos garantizar la agilidad de este proceso legislativo, lo que s\u00ed te puedo decir es que nosotros trabajamos comprometidos con los veracruzanos&#8221;, apunt\u00f3.<\/p>\n\n\n\n<p>Finalmente, resalt\u00f3 que este Congreso se caracteriz\u00f3 por ser el m\u00e1s econ\u00f3mico de la historia de Veracruz, logrando as\u00ed ya no ser el Poder Legislativo de la Rep\u00fablica Mexicana.<\/p>\n\n\n\n<p>&#8220;Somos el Congreso m\u00e1s econ\u00f3mico en la historia del Estado de Veracruz, somos el \u00fanico Congreso que durante los tres a\u00f1os no aument\u00f3 un solo peso del presupuesto, que al contrario, ni el \u00edndice inflacionario se aument\u00f3, y que este \u00faltimo a\u00f1o hubo un descuento de 50 millones de pesos, de ser el Congreso m\u00e1s caro del pa\u00eds, ocupamos ahora el n\u00famero 16. Antes un diputado le costaba muy caro a los ciudadanos, ya no es lo mismo, son tiempos de austeridad&#8221;, remat\u00f3.<\/p>\n","protected":false},"excerpt":{"rendered":"<p>Alejandro \u00c1vila Boca del R\u00edo, Ver.- Los retrasos que se tienen en el Congreso del Estado de Veracruz se deben en gran parte a la pandemia por COVID-19, toda vez que desde hace una a\u00f1o est\u00e1n trabajando solo con el 30 por ciento del personal que labora en el Poder Legislativo, inform\u00f3 el diputado local, [&hellip;]<\/p>\n","protected":false},"author":1,"featured_media":10464,"comment_status":"open","ping_status":"open","sticky":false,"template":"","format":"standard","meta":{"_jetpack_memberships_contains_paid_content":false,"footnotes":""},"categories":[2],"tags":[],"class_list":["post-10463","post","type-post","status-publish","format-standard","has-post-thumbnail","hentry","category-estado"],"jetpack_featured_media_url":"https:\/\/encuentroinformativo.com.mx\/wp-content\/uploads\/2021\/01\/E2FACDF0-5C98-46EE-ADC0-0CA1A2E502D9.jpeg","jetpack_sharing_enabled":true,"jetpack_likes_enabled":true,"amp_enabled":true,"_links":{"self":[{"href":"https:\/\/encuentroinformativo.com.mx\/index.php?rest_route=\/wp\/v2\/posts\/10463","targetHints":{"allow":["GET"]}}],"collection":[{"href":"https:\/\/encuentroinformativo.com.mx\/index.php?rest_route=\/wp\/v2\/posts"}],"about":[{"href":"https:\/\/encuentroinformativo.com.mx\/index.php?rest_route=\/wp\/v2\/types\/post"}],"author":[{"embeddable":true,"href":"https:\/\/encuentroinformativo.com.mx\/index.php?rest_route=\/wp\/v2\/users\/1"}],"replies":[{"embeddable":true,"href":"https:\/\/encuentroinformativo.com.mx\/index.php?rest_route=%2Fwp%2Fv2%2Fcomments&post=10463"}],"version-history":[{"count":1,"href":"https:\/\/encuentroinformativo.com.mx\/index.php?rest_route=\/wp\/v2\/posts\/10463\/revisions"}],"predecessor-version":[{"id":10465,"href":"https:\/\/encuentroinformativo.com.mx\/index.php?rest_route=\/wp\/v2\/posts\/10463\/revisions\/10465"}],"wp:featuredmedia":[{"embeddable":true,"href":"https:\/\/encuentroinformativo.com.mx\/index.php?rest_route=\/wp\/v2\/media\/10464"}],"wp:attachment":[{"href":"https:\/\/encuentroinformativo.com.mx\/index.php?rest_route=%2Fwp%2Fv2%2Fmedia&parent=10463"}],"wp:term":[{"taxonomy":"category","embeddable":true,"href":"https:\/\/encuentroinformativo.com.mx\/index.php?rest_route=%2Fwp%2Fv2%2Fcategories&post=10463"},{"taxonomy":"post_tag","embeddable":true,"href":"https:\/\/encuentroinformativo.com.mx\/index.php?rest_route=%2Fwp%2Fv2%2Ftags&post=10463"}],"curies":[{"name":"wp","href":"https:\/\/api.w.org\/{rel}","templated":true}]}}