{"id":10466,"date":"2021-01-25T14:45:49","date_gmt":"2021-01-25T20:45:49","guid":{"rendered":"https:\/\/encuentroinformativo.com.mx\/?p=10466"},"modified":"2021-01-25T14:45:52","modified_gmt":"2021-01-25T20:45:52","slug":"proxima-alerta-preventiva-sera-mas-amplia-en-veracruz","status":"publish","type":"post","link":"https:\/\/encuentroinformativo.com.mx\/?p=10466","title":{"rendered":"Pr\u00f3xima alerta preventiva ser\u00e1 m\u00e1s amplia en Veracruz"},"content":{"rendered":"\n<p><strong>Juan Arcos <\/strong><\/p>\n\n\n\n<p>Xalapa, Ver.- Del jueves 28 de enero al martes 2 de febrero, ser\u00e1 aplicada nuevamente la alerta preventiva por el SARS-COV-2 (COVID-19) en el estado de Veracruz, para frenar los contagios y la propagaci\u00f3n de la enfermedad.<\/p>\n\n\n\n<p>El gobernador Cuitl\u00e1huac Garc\u00eda Jim\u00e9nez inform\u00f3 que continuar\u00e1n las restricciones de movilidad en 84 de los 212 municipios de la entidad, mismos que contin\u00faan en sem\u00e1foro epidemiol\u00f3gico regional color rojo y naranja, de riesgo m\u00e1ximo y riesgo alto, respectivamente.<\/p>\n\n\n\n<p>En conferencia de prensa, desde Palacio de Gobierno, el mandatario estatal detall\u00f3 que ser\u00e1n cerradas las calles de los centros hist\u00f3ricos de cada ciudad y habr\u00e1 nuevas disposiciones para reducir al 50 por ciento la capacidad en las unidades de transporte p\u00fablico.<\/p>\n\n\n\n<p>Adem\u00e1s, plante\u00f3 que deber\u00e1 reducirse el n\u00famero de trabajadores en las dependencias del gobierno municipal, estatal y federal, para reducir los riesgos de contagio.<\/p>\n\n\n\n<p>&#8220;Ser\u00e1n seis d\u00edas de jueves a martes y se aumentan otras modalidades como la disminuci\u00f3n del pasaje en transporte p\u00fablico, as\u00ed como las dependencias gubernamentales que disminuya el n\u00famero de personas en oficinas&#8221;, expres\u00f3.&nbsp;<\/p>\n\n\n\n<p>La entidad se encuentra en sem\u00e1foro naranja; sin embargo, a juicio del titular del Poder Ejecutivo en Veracruz, la ocupaci\u00f3n hospitalaria ha incrementado en los \u00faltimos d\u00edas y, por ende, existe el riesgo de volver al sem\u00e1foro nacional color rojo.<\/p>\n\n\n\n<p>En ese sentido, Garc\u00eda Jim\u00e9nez destac\u00f3 que entraron en operaci\u00f3n nuevamente dos Centros de Atenci\u00f3n M\u00e9dica Expandida (CAME-19): el del puerto de Veracruz, ubicado en el Centro de Raqueta, y el del Vel\u00f3dromo, en la ciudad de Xalapa.<\/p>\n\n\n\n<p>Pese a lo anterior, rechaz\u00f3 un desabasto de ox\u00edgeno en los hospitales y asegur\u00f3 que a\u00fan se puede controlar el problema de salud en el estado.<\/p>\n\n\n\n<p>\u201cPero s\u00ed podr\u00eda elevar el color del estado a rojo, vamos a ver si logramos con estas alertas preventivas detener esa parte, recuerden que el color cambia entrando febrero, vamos a esperar lo que diga la Federaci\u00f3n, la valoraci\u00f3n que haga el Comit\u00e9 T\u00e9cnico de Salud, y estaremos anunciando\u201d, enfatiz\u00f3.<\/p>\n\n\n\n<p>Cabe mencionar que el coronavirus ha ocasionado casi 49 mil contagios y m\u00e1s de 6 mil 800 muertes en el estado de Veracruz.\u00a0<br>Hasta la noche del domingo, la Secretar\u00eda de Salud estatal report\u00f3 273 nuevos casos positivos y 16 fallecimientos en las \u00faltimas 24 horas.<\/p>\n\n\n\n<p>Por tal motivo, la tercera alerta preventiva por COVID-19 ser\u00e1 aplicada en el puerto de Veracruz, Xalapa, Poza Rica, Orizaba, Coatzacoalcos, C\u00f3rdoba, Tuxpan, Minatitl\u00e1n, Boca del R\u00edo y en otros municipios donde se ha detectado el mayor n\u00famero de contagios.\u00a0<\/p>\n","protected":false},"excerpt":{"rendered":"<p>Juan Arcos Xalapa, Ver.- Del jueves 28 de enero al martes 2 de febrero, ser\u00e1 aplicada nuevamente la alerta preventiva por el SARS-COV-2 (COVID-19) en el estado de Veracruz, para frenar los contagios y la propagaci\u00f3n de la enfermedad. El gobernador Cuitl\u00e1huac Garc\u00eda Jim\u00e9nez inform\u00f3 que continuar\u00e1n las restricciones de movilidad en 84 de los [&hellip;]<\/p>\n","protected":false},"author":1,"featured_media":10467,"comment_status":"open","ping_status":"open","sticky":false,"template":"","format":"standard","meta":{"_jetpack_memberships_contains_paid_content":false,"footnotes":""},"categories":[2],"tags":[],"class_list":["post-10466","post","type-post","status-publish","format-standard","has-post-thumbnail","hentry","category-estado"],"jetpack_featured_media_url":"https:\/\/encuentroinformativo.com.mx\/wp-content\/uploads\/2021\/01\/F8DC015A-D7DB-4E9A-B0C1-9A840D7B920E.jpeg","jetpack_sharing_enabled":true,"jetpack_likes_enabled":true,"amp_enabled":true,"_links":{"self":[{"href":"https:\/\/encuentroinformativo.com.mx\/index.php?rest_route=\/wp\/v2\/posts\/10466","targetHints":{"allow":["GET"]}}],"collection":[{"href":"https:\/\/encuentroinformativo.com.mx\/index.php?rest_route=\/wp\/v2\/posts"}],"about":[{"href":"https:\/\/encuentroinformativo.com.mx\/index.php?rest_route=\/wp\/v2\/types\/post"}],"author":[{"embeddable":true,"href":"https:\/\/encuentroinformativo.com.mx\/index.php?rest_route=\/wp\/v2\/users\/1"}],"replies":[{"embeddable":true,"href":"https:\/\/encuentroinformativo.com.mx\/index.php?rest_route=%2Fwp%2Fv2%2Fcomments&post=10466"}],"version-history":[{"count":1,"href":"https:\/\/encuentroinformativo.com.mx\/index.php?rest_route=\/wp\/v2\/posts\/10466\/revisions"}],"predecessor-version":[{"id":10468,"href":"https:\/\/encuentroinformativo.com.mx\/index.php?rest_route=\/wp\/v2\/posts\/10466\/revisions\/10468"}],"wp:featuredmedia":[{"embeddable":true,"href":"https:\/\/encuentroinformativo.com.mx\/index.php?rest_route=\/wp\/v2\/media\/10467"}],"wp:attachment":[{"href":"https:\/\/encuentroinformativo.com.mx\/index.php?rest_route=%2Fwp%2Fv2%2Fmedia&parent=10466"}],"wp:term":[{"taxonomy":"category","embeddable":true,"href":"https:\/\/encuentroinformativo.com.mx\/index.php?rest_route=%2Fwp%2Fv2%2Fcategories&post=10466"},{"taxonomy":"post_tag","embeddable":true,"href":"https:\/\/encuentroinformativo.com.mx\/index.php?rest_route=%2Fwp%2Fv2%2Ftags&post=10466"}],"curies":[{"name":"wp","href":"https:\/\/api.w.org\/{rel}","templated":true}]}}