{"id":1047,"date":"2020-03-18T13:34:07","date_gmt":"2020-03-18T19:34:07","guid":{"rendered":"https:\/\/encuentroinformativo.com\/?p=1047"},"modified":"2020-03-18T13:34:10","modified_gmt":"2020-03-18T19:34:10","slug":"la-prevencion-comienza-en-casa-especialistas","status":"publish","type":"post","link":"https:\/\/encuentroinformativo.com.mx\/?p=1047","title":{"rendered":"La prevenci\u00f3n comienza en casa: Especialistas"},"content":{"rendered":"\n<p>Ciudad de M\u00e9xico.- Ante el inminente avance de la pandemia de la COVID-19, es fundamental adoptar las medidas de higiene y seguridad recomendadas para evitar contagios, y al mismo tiempo difundirlas entre compa\u00f1eros y en los hogares, porque la prevenci\u00f3n comienza en la casa, afirm\u00f3 Mauricio Rodr\u00edguez \u00c1lvarez, vocero de la Comisi\u00f3n Universitaria para la Atenci\u00f3n de la Emergencia del Coronavirus, de la UNAM.\u00a0<\/p>\n\n\n\n<p>Asimismo, el experto pidi\u00f3 no entrar en p\u00e1nico ni incurrir en casos de discriminaci\u00f3n. \u201cLo que se debe hacer es estar atentos a la evoluci\u00f3n de la enfermedad\u201d.<\/p>\n\n\n\n<p>Quienes tengan alguna infecci\u00f3n respiratoria deben buscar atenci\u00f3n m\u00e9dica acorde con su gravedad, tambi\u00e9n se aconseja quedarse en casa si no es necesario salir: \u201cevitar ir a clases o a los centros de trabajo es elemental, porque al estar enfermos somos un foco de contagio\u201d.<\/p>\n\n\n\n<p>El acad\u00e9mico de la Facultad de Medicina indic\u00f3 que esta semana es importante, porque la comunidad universitaria debe preparar acciones para lo que pudiera ocurrir en el transcurso de los siguientes d\u00edas. \u201cEs preciso tener una v\u00eda de comunicaci\u00f3n dentro de cada entidad para estar informados y recibir datos certeros emitidos por las autoridades universitarias\u201d.<\/p>\n\n\n\n<p>Adem\u00e1s, cada dependencia o entidad debe identificar los riesgos particulares que tenga sobre movilidad de acad\u00e9micos y alumnos, o grandes reuniones y eventos ya programados, para que planeen sus acciones espec\u00edficas.<\/p>\n\n\n\n<p>\u201cSi dentro de las instalaciones alguien se siente mal puede ir a los servicios m\u00e9dicos de la Universidad, donde se le proporcionar\u00e1 una primera ayuda, y dependiendo de las condiciones de cada caso se canalizar\u00e1 a donde corresponda\u201d, dijo Rodr\u00edguez \u00c1lvarez.<\/p>\n\n\n\n<p>Sin embargo, reiter\u00f3, \u201cquienes ya presentan alguna afecci\u00f3n respiratoria no deben salir de casa, y las escuelas deben contar con un mecanismo para que alg\u00fan familiar d\u00e9 aviso y se pueda vigilar a los grupos de estudiantes y maestros que han estado cerca del enfermo\u201d.<\/p>\n\n\n\n<p><strong>Otras medidas<\/strong><\/p>\n\n\n\n<p>En casa se debe estar informado e identificar a los integrantes de la familia m\u00e1s vulnerables para protegerlos de un contagio, como adultos mayores de 60 a\u00f1os, personas con hipertensi\u00f3n o con padecimientos cardiacos, pulmonares, diabetes, alg\u00fan tipo de c\u00e1ncer, y embarazadas.<\/p>\n\n\n\n<p>Tambi\u00e9n es importante modificar ciertas rutinas como visitar a familiares e ir a lugares o eventos concurridos. \u201cDebemos pensar en la posibilidad de que todos podr\u00edamos ser veh\u00edculos de contagio; entonces, al hacer cambios en nuestras actividades sociales podemos interrumpir la transmisi\u00f3n del virus y frenar los contagios\u201d.<\/p>\n\n\n\n<p>Seguir las medidas preventivas emitidas por las autoridades de salud, y difundidas por diversos medios, ser\u00e1 un elemento fundamental para cambiar el curso de la epidemia, asegur\u00f3 el universitario.<\/p>\n\n\n\n<p>Finalmente, inform\u00f3 que en los siguientes d\u00edas se dar\u00e1n a conocer m\u00e1s acciones generales que se tomar\u00e1n dentro de la Universidad, mismas que se difundir\u00e1n por los medios oficiales de la instituci\u00f3n.<\/p>\n\n\n\n<p><\/p>\n","protected":false},"excerpt":{"rendered":"<p>Ciudad de M\u00e9xico.- Ante el inminente avance de la pandemia de la COVID-19, es fundamental adoptar las medidas de higiene y seguridad recomendadas para evitar contagios, y al mismo tiempo difundirlas entre compa\u00f1eros y en los hogares, porque la prevenci\u00f3n comienza en la casa, afirm\u00f3 Mauricio Rodr\u00edguez \u00c1lvarez, vocero de la Comisi\u00f3n Universitaria para la [&hellip;]<\/p>\n","protected":false},"author":1,"featured_media":1048,"comment_status":"open","ping_status":"open","sticky":false,"template":"","format":"standard","meta":{"_jetpack_memberships_contains_paid_content":false,"footnotes":""},"categories":[9],"tags":[],"class_list":["post-1047","post","type-post","status-publish","format-standard","has-post-thumbnail","hentry","category-salud"],"jetpack_featured_media_url":"https:\/\/encuentroinformativo.com.mx\/wp-content\/uploads\/2020\/03\/956654A2-A708-4014-B9CC-DF4FF91283B0.jpeg","jetpack_sharing_enabled":true,"jetpack_likes_enabled":true,"amp_enabled":true,"_links":{"self":[{"href":"https:\/\/encuentroinformativo.com.mx\/index.php?rest_route=\/wp\/v2\/posts\/1047","targetHints":{"allow":["GET"]}}],"collection":[{"href":"https:\/\/encuentroinformativo.com.mx\/index.php?rest_route=\/wp\/v2\/posts"}],"about":[{"href":"https:\/\/encuentroinformativo.com.mx\/index.php?rest_route=\/wp\/v2\/types\/post"}],"author":[{"embeddable":true,"href":"https:\/\/encuentroinformativo.com.mx\/index.php?rest_route=\/wp\/v2\/users\/1"}],"replies":[{"embeddable":true,"href":"https:\/\/encuentroinformativo.com.mx\/index.php?rest_route=%2Fwp%2Fv2%2Fcomments&post=1047"}],"version-history":[{"count":1,"href":"https:\/\/encuentroinformativo.com.mx\/index.php?rest_route=\/wp\/v2\/posts\/1047\/revisions"}],"predecessor-version":[{"id":1049,"href":"https:\/\/encuentroinformativo.com.mx\/index.php?rest_route=\/wp\/v2\/posts\/1047\/revisions\/1049"}],"wp:featuredmedia":[{"embeddable":true,"href":"https:\/\/encuentroinformativo.com.mx\/index.php?rest_route=\/wp\/v2\/media\/1048"}],"wp:attachment":[{"href":"https:\/\/encuentroinformativo.com.mx\/index.php?rest_route=%2Fwp%2Fv2%2Fmedia&parent=1047"}],"wp:term":[{"taxonomy":"category","embeddable":true,"href":"https:\/\/encuentroinformativo.com.mx\/index.php?rest_route=%2Fwp%2Fv2%2Fcategories&post=1047"},{"taxonomy":"post_tag","embeddable":true,"href":"https:\/\/encuentroinformativo.com.mx\/index.php?rest_route=%2Fwp%2Fv2%2Ftags&post=1047"}],"curies":[{"name":"wp","href":"https:\/\/api.w.org\/{rel}","templated":true}]}}