{"id":10472,"date":"2021-01-25T16:40:31","date_gmt":"2021-01-25T22:40:31","guid":{"rendered":"https:\/\/encuentroinformativo.com.mx\/?p=10472"},"modified":"2021-01-25T16:40:34","modified_gmt":"2021-01-25T22:40:34","slug":"acusan-brote-de-covid-en-centro-de-salud-de-el-tejar","status":"publish","type":"post","link":"https:\/\/encuentroinformativo.com.mx\/?p=10472","title":{"rendered":"Acusan brote de Covid en centro de salud de El Tejar"},"content":{"rendered":"\n<p><strong>Alejandro \u00c1vila<\/strong><\/p>\n\n\n\n<p>Medell\u00edn de Bravo, Ver.- Desde hace dos meses el Centro de Salud de El Tejar, localidad del municipio de Medell\u00edn de Bravo, sufre de la falta de agua, ahora, denuncia un familiar de un trabajador, existe un brote de COVID en el espacio atenci\u00f3n m\u00e9dica.<\/p>\n\n\n\n<p>La empresa privada que administra el agua en el municipio, Grupo MAS, ha hecho caso omiso a la solicitud de los afectados, que son vecinos de la colonia Obrera Campesina, comercios, la secundaria &#8220;Heroes de Veracruz&#8221;, a quienes les ha dicho hay que cambiar la ruta de la tuber\u00eda que les suministra el agua y este costo de la obra lo deben de cubrir ellos.<\/p>\n\n\n\n<p>&#8220;En estas dos semanas \u00faltimas ha habido cuatro probables casos de contagio de COVID con los mismos trabajadores, entonces si no se tiene cuidado, eso va a ser un foco de infecci\u00f3n bastante grande. En la Jurisdicci\u00f3n Sanitaria les dicen que vayan al ISSSTE que se hagan la prueba y si el ISSSTE lo valida, pues adelante, ellos van a suspender la labores, pero uno llega al ISSSTE y no hay pruebas, a menos que lleve uno los sintomas marcados&#8221;, subray\u00f3 el denunciante.<\/p>\n\n\n\n<p>Acusa que los trabajadores del Centro de Salud cuentan con un equipo de protecci\u00f3n que se podr\u00eda considerar &#8220;precario&#8221;, ya que por ser un espacio de primera atenci\u00f3n, minimizan su riesgo de contagio.<\/p>\n\n\n\n<p>&#8220;Es muy b\u00e1sico, de b\u00e1sico a pobre. Entonces, sin agua, con un equipo muy b\u00e1sico de protecci\u00f3n y con contagios ya, o posibles contagios, pues la verdad s\u00ed est\u00e1n en peligro, los doctores son los que m\u00e1s han sufrido en M\u00e9xico muertes, y aqu\u00ed en El Tejar puede haber una desgracia de magnitudes que no se las espera nadie&#8221;, mencion\u00f3.<\/p>\n\n\n\n<p>Resalt\u00f3 que es il\u00f3gico que la Secretar\u00eda de Salud mantenga al municipio de Veracruz en un color de riesgo en semaforizaci\u00f3n y a Medell\u00edn de Bravo en otro, pues por trabajo, muchas personas se trasladan de Medell\u00edn de Bravo al puerto de Veracruz y si su primer respondiente de servicios m\u00e9dicos presenta un brote de COVID, la situaci\u00f3n es m\u00e1s complicada para la ciudadan\u00eda.<\/p>\n\n\n\n<p>&#8220;S\u00ed, hay un descuido grande por parte de la Jurisdicci\u00f3n Sanitaria sobre todo, que hace caso omiso&#8221;, puntualiz\u00f3.<\/p>\n","protected":false},"excerpt":{"rendered":"<p>Alejandro \u00c1vila Medell\u00edn de Bravo, Ver.- Desde hace dos meses el Centro de Salud de El Tejar, localidad del municipio de Medell\u00edn de Bravo, sufre de la falta de agua, ahora, denuncia un familiar de un trabajador, existe un brote de COVID en el espacio atenci\u00f3n m\u00e9dica. La empresa privada que administra el agua en [&hellip;]<\/p>\n","protected":false},"author":1,"featured_media":10473,"comment_status":"open","ping_status":"open","sticky":false,"template":"","format":"standard","meta":{"_jetpack_memberships_contains_paid_content":false,"footnotes":""},"categories":[9],"tags":[],"class_list":["post-10472","post","type-post","status-publish","format-standard","has-post-thumbnail","hentry","category-salud"],"jetpack_featured_media_url":"https:\/\/encuentroinformativo.com.mx\/wp-content\/uploads\/2021\/01\/267DD554-6A10-491E-986F-E949AD2F4621.jpeg","jetpack_sharing_enabled":true,"jetpack_likes_enabled":true,"amp_enabled":true,"_links":{"self":[{"href":"https:\/\/encuentroinformativo.com.mx\/index.php?rest_route=\/wp\/v2\/posts\/10472","targetHints":{"allow":["GET"]}}],"collection":[{"href":"https:\/\/encuentroinformativo.com.mx\/index.php?rest_route=\/wp\/v2\/posts"}],"about":[{"href":"https:\/\/encuentroinformativo.com.mx\/index.php?rest_route=\/wp\/v2\/types\/post"}],"author":[{"embeddable":true,"href":"https:\/\/encuentroinformativo.com.mx\/index.php?rest_route=\/wp\/v2\/users\/1"}],"replies":[{"embeddable":true,"href":"https:\/\/encuentroinformativo.com.mx\/index.php?rest_route=%2Fwp%2Fv2%2Fcomments&post=10472"}],"version-history":[{"count":1,"href":"https:\/\/encuentroinformativo.com.mx\/index.php?rest_route=\/wp\/v2\/posts\/10472\/revisions"}],"predecessor-version":[{"id":10474,"href":"https:\/\/encuentroinformativo.com.mx\/index.php?rest_route=\/wp\/v2\/posts\/10472\/revisions\/10474"}],"wp:featuredmedia":[{"embeddable":true,"href":"https:\/\/encuentroinformativo.com.mx\/index.php?rest_route=\/wp\/v2\/media\/10473"}],"wp:attachment":[{"href":"https:\/\/encuentroinformativo.com.mx\/index.php?rest_route=%2Fwp%2Fv2%2Fmedia&parent=10472"}],"wp:term":[{"taxonomy":"category","embeddable":true,"href":"https:\/\/encuentroinformativo.com.mx\/index.php?rest_route=%2Fwp%2Fv2%2Fcategories&post=10472"},{"taxonomy":"post_tag","embeddable":true,"href":"https:\/\/encuentroinformativo.com.mx\/index.php?rest_route=%2Fwp%2Fv2%2Ftags&post=10472"}],"curies":[{"name":"wp","href":"https:\/\/api.w.org\/{rel}","templated":true}]}}