{"id":10475,"date":"2021-01-25T17:47:11","date_gmt":"2021-01-25T23:47:11","guid":{"rendered":"https:\/\/encuentroinformativo.com.mx\/?p=10475"},"modified":"2021-01-25T17:47:13","modified_gmt":"2021-01-25T23:47:13","slug":"por-miedo-a-covid-disminuye-vacunacion-infantil","status":"publish","type":"post","link":"https:\/\/encuentroinformativo.com.mx\/?p=10475","title":{"rendered":"Por miedo a COVID, disminuye  vacunaci\u00f3n infantil"},"content":{"rendered":"\n<p><strong>Juan Arcos <\/strong><\/p>\n\n\n\n<p>Xalapa, Ver.- Solo cuatro de cada diez ni\u00f1os en M\u00e9xico tiene su esquema de vacunaci\u00f3n completo, revel\u00f3 la doctora Luz Anah\u00ed Ubiarco L\u00f3pez, gerente de Enlace M\u00e9dico Cient\u00edfico del grupo farmac\u00e9utico Sanofi Pasteur M\u00e9xico.\u00a0<\/p>\n\n\n\n<p>La especialista detall\u00f3 que la cobertura de vacunaci\u00f3n en el pa\u00eds ha disminuido de manera considerable en comparaci\u00f3n con a\u00f1os anteriores.&nbsp;<\/p>\n\n\n\n<p>En ese sentido, explic\u00f3 que la pandemia del SARS-COV-2 (COVID-19) ocasion\u00f3 que los padres de familia dejaran de llevar a sus hijas e hijos a los centros de salud para la aplicaci\u00f3n de sus vacunas que est\u00e1n pendientes.&nbsp;<\/p>\n\n\n\n<p>Lo anterior, dijo, por el temor a un posible riesgo de contagio por coronavirus, enfermedad que ha causado casi 49 mil contagios y m\u00e1s de 6 mil 800 muertes en el estado de Veracruz.<\/p>\n\n\n\n<p>\u201cAl parecer a los pap\u00e1s les da cierto miedo llevar a los peque\u00f1itos a los centros de salud, a los centros de vacunaci\u00f3n, para continuar con sus vacunas, previendo que pudieran contagiarse de COVID-19\u201d.<\/p>\n\n\n\n<p>Sin embargo, se\u00f1al\u00f3 que si las personas cumplen estrictamente las medidas de higiene y de sana distancia, la vacunaci\u00f3n es completamente segura.<\/p>\n\n\n\n<p>\u201cDe hecho, es una actividad a priorizar, nos dice tanto la OMS como UNICEF, que si tenemos la oportunidad de vacunar a nuestros hijos, tenemos que priorizarlos sobre la cuarentena, siguiendo todas las medidas de seguridad y sana distancia\u201d.&nbsp;<\/p>\n\n\n\n<p><strong>TRES ENFERMEDADES LATENTES&nbsp;<\/strong><\/p>\n\n\n\n<p>Ubiarco L\u00f3pez indic\u00f3 que la baja en la cobertura de vacunaci\u00f3n podr\u00eda ocasionar&nbsp;&nbsp;el regreso de enfermedades al pa\u00eds, mismas que podr\u00edan llegar a ser letales para ni\u00f1as y ni\u00f1os menores de dos a\u00f1os.<\/p>\n\n\n\n<p>Tambi\u00e9n alert\u00f3 que podr\u00eda haber un rebrote de enfermedades como difteria, poliomielitis y sarampi\u00f3n por dicha situaci\u00f3n.&nbsp;<\/p>\n\n\n\n<p>En Per\u00fa ya se registr\u00f3 un rebrote de difteria en octubre pasado por el descuido en la cobertura de la vacunaci\u00f3n.&nbsp;<\/p>\n\n\n\n<p>\u201cEl primer caso que hubo en Per\u00fa, una peque\u00f1ita falleci\u00f3 tiempo despu\u00e9s por complicaciones, ah\u00ed est\u00e1 el ejemplo\u201d, remat\u00f3.<\/p>\n","protected":false},"excerpt":{"rendered":"<p>Juan Arcos Xalapa, Ver.- Solo cuatro de cada diez ni\u00f1os en M\u00e9xico tiene su esquema de vacunaci\u00f3n completo, revel\u00f3 la doctora Luz Anah\u00ed Ubiarco L\u00f3pez, gerente de Enlace M\u00e9dico Cient\u00edfico del grupo farmac\u00e9utico Sanofi Pasteur M\u00e9xico.\u00a0 La especialista detall\u00f3 que la cobertura de vacunaci\u00f3n en el pa\u00eds ha disminuido de manera considerable en comparaci\u00f3n con [&hellip;]<\/p>\n","protected":false},"author":1,"featured_media":5547,"comment_status":"open","ping_status":"open","sticky":false,"template":"","format":"standard","meta":{"_jetpack_memberships_contains_paid_content":false,"footnotes":""},"categories":[9],"tags":[],"class_list":["post-10475","post","type-post","status-publish","format-standard","has-post-thumbnail","hentry","category-salud"],"jetpack_featured_media_url":"https:\/\/encuentroinformativo.com.mx\/wp-content\/uploads\/2020\/09\/AEA97766-CB97-4EBF-AB15-E61A34258610.jpeg","jetpack_sharing_enabled":true,"jetpack_likes_enabled":true,"amp_enabled":true,"_links":{"self":[{"href":"https:\/\/encuentroinformativo.com.mx\/index.php?rest_route=\/wp\/v2\/posts\/10475","targetHints":{"allow":["GET"]}}],"collection":[{"href":"https:\/\/encuentroinformativo.com.mx\/index.php?rest_route=\/wp\/v2\/posts"}],"about":[{"href":"https:\/\/encuentroinformativo.com.mx\/index.php?rest_route=\/wp\/v2\/types\/post"}],"author":[{"embeddable":true,"href":"https:\/\/encuentroinformativo.com.mx\/index.php?rest_route=\/wp\/v2\/users\/1"}],"replies":[{"embeddable":true,"href":"https:\/\/encuentroinformativo.com.mx\/index.php?rest_route=%2Fwp%2Fv2%2Fcomments&post=10475"}],"version-history":[{"count":1,"href":"https:\/\/encuentroinformativo.com.mx\/index.php?rest_route=\/wp\/v2\/posts\/10475\/revisions"}],"predecessor-version":[{"id":10476,"href":"https:\/\/encuentroinformativo.com.mx\/index.php?rest_route=\/wp\/v2\/posts\/10475\/revisions\/10476"}],"wp:featuredmedia":[{"embeddable":true,"href":"https:\/\/encuentroinformativo.com.mx\/index.php?rest_route=\/wp\/v2\/media\/5547"}],"wp:attachment":[{"href":"https:\/\/encuentroinformativo.com.mx\/index.php?rest_route=%2Fwp%2Fv2%2Fmedia&parent=10475"}],"wp:term":[{"taxonomy":"category","embeddable":true,"href":"https:\/\/encuentroinformativo.com.mx\/index.php?rest_route=%2Fwp%2Fv2%2Fcategories&post=10475"},{"taxonomy":"post_tag","embeddable":true,"href":"https:\/\/encuentroinformativo.com.mx\/index.php?rest_route=%2Fwp%2Fv2%2Ftags&post=10475"}],"curies":[{"name":"wp","href":"https:\/\/api.w.org\/{rel}","templated":true}]}}