{"id":10477,"date":"2021-01-26T02:38:25","date_gmt":"2021-01-26T08:38:25","guid":{"rendered":"https:\/\/encuentroinformativo.com.mx\/?p=10477"},"modified":"2021-01-26T02:38:27","modified_gmt":"2021-01-26T08:38:27","slug":"oficial-paquita-la-del-barrio-precandidata-por-misantla","status":"publish","type":"post","link":"https:\/\/encuentroinformativo.com.mx\/?p=10477","title":{"rendered":"Oficial, Paquita la del Barrio precandidata por Misantla"},"content":{"rendered":"\n<p><strong>Juan Arcos <\/strong><\/p>\n\n\n\n<p>Xalapa, Ver.- La cantante Paquita la del Barrio cant\u00f3 tres canciones, con todo y mariachis, en el anuncio oficial de su registro como precandidata de Movimiento Ciudadano (MC) a la diputaci\u00f3n local por el distrito 8, con cabecera municipal en Misantla, para este proceso electoral.<\/p>\n\n\n\n<p>Las letras de \u201cTres veces te enga\u00f1\u00e9&#8221;, &#8220;Sin Fortuna&#8221; y &#8220;Rata de dos patas&#8221;, se escucharon en el sal\u00f3n de un conocido hotel de la capital del estado.<\/p>\n\n\n\n<p>Francisca Viveros, mejor conocida como &#8220;Paquita la del Barrio&#8221;, se\u00f1al\u00f3 que los dirigentes de MC buscaron acercamiento con ella para invitarla a encabezar un proyecto pol\u00edtico, con v\u00edas de mejora en dicho distrito.<\/p>\n\n\n\n<p>\u201cSe los suplico, no lo vayan a tomar a mal. Estoy aqu\u00ed por amor. Yo no s\u00e9 a qu\u00e9 vengo aqu\u00ed, yo s\u00f3lo s\u00e9 que hay personas atr\u00e1s de m\u00ed que me van a ense\u00f1ar a manejar este asunto\u201d, expres\u00f3.<\/p>\n\n\n\n<p>La artista derram\u00f3 algunas l\u00e1grimas mientras tomaba el micr\u00f3fono y lanzaba algunas palabras a la prensa sobre lo que representa para ella su posible participaci\u00f3n en las votaciones del pr\u00f3ximo 6 de junio.<\/p>\n\n\n\n<p>\u201cAqu\u00ed estoy con mucho amor, lo que prevalece en la vida es el amor y eso es lo que yo tengo para mi tierra, para Veracruz, para mi pueblo. Amo a la gente y si me decid\u00ed a esta situaci\u00f3n es porque los imaginaba a ustedes, mucho, porque somos gente de trabajo, gente humilde, gente que siempre andamos con la frente levantada\u201d, enfatiz\u00f3 con un nudo en la garganta.<\/p>\n\n\n\n<p>Paquita la del Barrio estuvo acompa\u00f1ada de Sergio Gil Rull\u00e1n, coordinador de la Comisi\u00f3n Operativa en Veracruz; Miguel \u00c1ngel Castillo L\u00f3pez, coordinador Distrital Xalapa Rural; y el resto del equipo de Movimiento Ciudadano.<br>Tambi\u00e9n el vocalista y fundador del grupo musical Jaleo, Giovanni Arcos Marines, se registr\u00f3 formalmente como precandidato de MC a la diputaci\u00f3n local por el distrito 11, de Xalapa.<\/p>\n\n\n\n<p>Cabe destacar que este lunes 25 de enero, la dirigencia del Partido Acci\u00f3n Nacional (PAN) del estado de Baja California inform\u00f3 que este fin de semana inici\u00f3 el di\u00e1logo con la exmiss universo Lupita Jones, para abanderar la candidatura a la gubernatura por la alianza con el Partido Revolucionario Institucional (PRI) y el Partido de la Revoluci\u00f3n Democr\u00e1tica (PRD).<\/p>\n","protected":false},"excerpt":{"rendered":"<p>Juan Arcos Xalapa, Ver.- La cantante Paquita la del Barrio cant\u00f3 tres canciones, con todo y mariachis, en el anuncio oficial de su registro como precandidata de Movimiento Ciudadano (MC) a la diputaci\u00f3n local por el distrito 8, con cabecera municipal en Misantla, para este proceso electoral. Las letras de \u201cTres veces te enga\u00f1\u00e9&#8221;, &#8220;Sin [&hellip;]<\/p>\n","protected":false},"author":1,"featured_media":10478,"comment_status":"open","ping_status":"open","sticky":false,"template":"","format":"standard","meta":{"_jetpack_memberships_contains_paid_content":false,"footnotes":""},"categories":[2],"tags":[],"class_list":["post-10477","post","type-post","status-publish","format-standard","has-post-thumbnail","hentry","category-estado"],"jetpack_featured_media_url":"https:\/\/encuentroinformativo.com.mx\/wp-content\/uploads\/2021\/01\/9E2C2CEB-FE44-41DC-94FF-17BBCC1CB6CC.jpeg","jetpack_sharing_enabled":true,"jetpack_likes_enabled":true,"amp_enabled":true,"_links":{"self":[{"href":"https:\/\/encuentroinformativo.com.mx\/index.php?rest_route=\/wp\/v2\/posts\/10477","targetHints":{"allow":["GET"]}}],"collection":[{"href":"https:\/\/encuentroinformativo.com.mx\/index.php?rest_route=\/wp\/v2\/posts"}],"about":[{"href":"https:\/\/encuentroinformativo.com.mx\/index.php?rest_route=\/wp\/v2\/types\/post"}],"author":[{"embeddable":true,"href":"https:\/\/encuentroinformativo.com.mx\/index.php?rest_route=\/wp\/v2\/users\/1"}],"replies":[{"embeddable":true,"href":"https:\/\/encuentroinformativo.com.mx\/index.php?rest_route=%2Fwp%2Fv2%2Fcomments&post=10477"}],"version-history":[{"count":1,"href":"https:\/\/encuentroinformativo.com.mx\/index.php?rest_route=\/wp\/v2\/posts\/10477\/revisions"}],"predecessor-version":[{"id":10479,"href":"https:\/\/encuentroinformativo.com.mx\/index.php?rest_route=\/wp\/v2\/posts\/10477\/revisions\/10479"}],"wp:featuredmedia":[{"embeddable":true,"href":"https:\/\/encuentroinformativo.com.mx\/index.php?rest_route=\/wp\/v2\/media\/10478"}],"wp:attachment":[{"href":"https:\/\/encuentroinformativo.com.mx\/index.php?rest_route=%2Fwp%2Fv2%2Fmedia&parent=10477"}],"wp:term":[{"taxonomy":"category","embeddable":true,"href":"https:\/\/encuentroinformativo.com.mx\/index.php?rest_route=%2Fwp%2Fv2%2Fcategories&post=10477"},{"taxonomy":"post_tag","embeddable":true,"href":"https:\/\/encuentroinformativo.com.mx\/index.php?rest_route=%2Fwp%2Fv2%2Ftags&post=10477"}],"curies":[{"name":"wp","href":"https:\/\/api.w.org\/{rel}","templated":true}]}}