{"id":10489,"date":"2021-01-26T12:16:13","date_gmt":"2021-01-26T18:16:13","guid":{"rendered":"https:\/\/encuentroinformativo.com.mx\/?p=10489"},"modified":"2021-01-26T12:16:15","modified_gmt":"2021-01-26T18:16:15","slug":"cometur-crea-marcas-para-calendarizar-eventos-en-2022","status":"publish","type":"post","link":"https:\/\/encuentroinformativo.com.mx\/?p=10489","title":{"rendered":"COMETUR crea \u201cmarcas\u201d para calendarizar eventos en 2022"},"content":{"rendered":"\n<p><strong>Alejandro \u00c1vila<\/strong><\/p>\n\n\n\n<p>Veracruz, Ver.- Con la finalidad de evitar monopolios y lograr calendarizar eventos deportivos, artisticos, culturales y congresos, el Consejo Metropolitano de Turismo (COMETUR) crear\u00e1 marcas &#8211; sello en cada uno de los rubros, misma que operar\u00e1n hasta 2022, cuando se espera ya se puedan llevar a cabo eventos masivos, inform\u00f3 su presidente, Sergio Lois Heredia.<\/p>\n\n\n\n<p>De esta manera, explic\u00f3, los prestadores de servicios turisticos, organizadores de eventos y Ayuntamientos, podr\u00e1n trabajar de manera coordinada para generar una derrama econ\u00f3mica constante y que beneficie a todos los empresario.<\/p>\n\n\n\n<p>La primer marca sello que est\u00e1 a punto de ser presentada ser\u00e1 &#8220;Puerto del Deporte&#8221;, que coordinar\u00e1 Marcelino Fern\u00e1ndez; otra de las marcas que ser\u00e1 presentada a la brevedad es la de Turismo de Reuniones, que a\u00fan no cuenta con un nombre especifico.<\/p>\n\n\n\n<p>&#8220;Una vez teniendo estas marcas conjuntadas, en lo que es la mesa del Consejo Metropolitano podamos coordinar todo, te pongo un ejemplo, que no se encime en un fin de semana, 2021 va a ser complicado que se d\u00e9 esto, pero en 2022 lo m\u00e1s seguro es que se pueda dar y lo mejor es que se d\u00e9 de manera ordenada, que no se encime un congreso muy grande, con una carrera muy grande, porque eso nos provicar\u00eda un caos, nos provocar\u00eda una sobreventa y no es como se debe realizar, y ya nos ha pasado anteriormente que se llena la ciudad&#8221;, apunt\u00f3 Lois Heredia.<\/p>\n\n\n\n<p>Se\u00f1al\u00f3 que la zona metropolitana que comprenden los municipios de Veracruz, Boca del R\u00edo, Medell\u00edn de Bravo y Alvarado, han crecido en los \u00faltimos a\u00f1os en turismo, pero de manera desordenada, por lo que buscan sumar esfuerzos para dar un mejor servicio a los visitantes, adem\u00e1s de incrementar la derrama econ\u00f3mica en la zona.<\/p>\n","protected":false},"excerpt":{"rendered":"<p>Alejandro \u00c1vila Veracruz, Ver.- Con la finalidad de evitar monopolios y lograr calendarizar eventos deportivos, artisticos, culturales y congresos, el Consejo Metropolitano de Turismo (COMETUR) crear\u00e1 marcas &#8211; sello en cada uno de los rubros, misma que operar\u00e1n hasta 2022, cuando se espera ya se puedan llevar a cabo eventos masivos, inform\u00f3 su presidente, Sergio [&hellip;]<\/p>\n","protected":false},"author":1,"featured_media":10490,"comment_status":"open","ping_status":"open","sticky":false,"template":"","format":"standard","meta":{"_jetpack_memberships_contains_paid_content":false,"footnotes":""},"categories":[2],"tags":[],"class_list":["post-10489","post","type-post","status-publish","format-standard","has-post-thumbnail","hentry","category-estado"],"jetpack_featured_media_url":"https:\/\/encuentroinformativo.com.mx\/wp-content\/uploads\/2021\/01\/11D3C182-8F04-49EC-9B9B-6A1B27C804C0.jpeg","jetpack_sharing_enabled":true,"jetpack_likes_enabled":true,"amp_enabled":true,"_links":{"self":[{"href":"https:\/\/encuentroinformativo.com.mx\/index.php?rest_route=\/wp\/v2\/posts\/10489","targetHints":{"allow":["GET"]}}],"collection":[{"href":"https:\/\/encuentroinformativo.com.mx\/index.php?rest_route=\/wp\/v2\/posts"}],"about":[{"href":"https:\/\/encuentroinformativo.com.mx\/index.php?rest_route=\/wp\/v2\/types\/post"}],"author":[{"embeddable":true,"href":"https:\/\/encuentroinformativo.com.mx\/index.php?rest_route=\/wp\/v2\/users\/1"}],"replies":[{"embeddable":true,"href":"https:\/\/encuentroinformativo.com.mx\/index.php?rest_route=%2Fwp%2Fv2%2Fcomments&post=10489"}],"version-history":[{"count":1,"href":"https:\/\/encuentroinformativo.com.mx\/index.php?rest_route=\/wp\/v2\/posts\/10489\/revisions"}],"predecessor-version":[{"id":10491,"href":"https:\/\/encuentroinformativo.com.mx\/index.php?rest_route=\/wp\/v2\/posts\/10489\/revisions\/10491"}],"wp:featuredmedia":[{"embeddable":true,"href":"https:\/\/encuentroinformativo.com.mx\/index.php?rest_route=\/wp\/v2\/media\/10490"}],"wp:attachment":[{"href":"https:\/\/encuentroinformativo.com.mx\/index.php?rest_route=%2Fwp%2Fv2%2Fmedia&parent=10489"}],"wp:term":[{"taxonomy":"category","embeddable":true,"href":"https:\/\/encuentroinformativo.com.mx\/index.php?rest_route=%2Fwp%2Fv2%2Fcategories&post=10489"},{"taxonomy":"post_tag","embeddable":true,"href":"https:\/\/encuentroinformativo.com.mx\/index.php?rest_route=%2Fwp%2Fv2%2Ftags&post=10489"}],"curies":[{"name":"wp","href":"https:\/\/api.w.org\/{rel}","templated":true}]}}