{"id":10492,"date":"2021-01-26T12:54:16","date_gmt":"2021-01-26T18:54:16","guid":{"rendered":"https:\/\/encuentroinformativo.com.mx\/?p=10492"},"modified":"2021-01-26T12:54:18","modified_gmt":"2021-01-26T18:54:18","slug":"obispos-responsables-de-celebraciones-religiosas-suazo","status":"publish","type":"post","link":"https:\/\/encuentroinformativo.com.mx\/?p=10492","title":{"rendered":"Obispos responsables de celebraciones religiosas: Suazo"},"content":{"rendered":"\n<p><strong>Dar\u00edo Pale <\/strong><\/p>\n\n\n\n<p>Xalapa, Ver.- Cada obispo debe hacerse responsable de los eventos religiosos que lleva a cabo, ello tras las cr\u00edticas que se hicieran al obispo de C\u00f3rdoba, Eduardo Carmona Ortega, por la misa celebrada de manera masiva el fin de semana pasado, as\u00ed lo inform\u00f3 el\u00a0vocero de la Arquidi\u00f3cesis de Xalapa, Jos\u00e9 Manuel Suazo Reyes.<\/p>\n\n\n\n<p>En entrevista dio a conocer que, &#8220;cada obispo es responsable de su Di\u00f3cesis y de las determinaciones que se toman en su Di\u00f3cesis. Nosotros no podemos hacernos responsables de las decisiones que se toman en otra regi\u00f3n como es el caso de C\u00f3rdoba, nosotros respondemos por Xalapa&#8221;.<\/p>\n\n\n\n<p>Cabe recordar que este fin de semana se celebr\u00f3 la boda de la sobrina de la exdiputada local, Paulina Muguira y del exalcalde Juan Lav\u00edn, en la Catedral de La Inmaculada, a la que asistieron cientos de personas y a las que se les vio sin cubrebocas en las fotograf\u00edas que circularon en redes sociales.<\/p>\n\n\n\n<p>Por lo anterior el padre\u00a0Suazo Reyes record\u00f3 que cada obispo tiene autonom\u00eda, tiene autoridad para las decisiones que se toman en su iglesia, no obstante\u00a0dijo que desconoc\u00eda en qu\u00e9 condiciones se hab\u00eda llevado a cabo la eucarist\u00eda, aunque s\u00ed vio algunas im\u00e1genes.<\/p>\n\n\n\n<p>&#8220;Lo que puedo decir es lo que hacemos aqu\u00ed en Xalapa, de C\u00f3rdoba no tendr\u00eda ninguna opini\u00f3n. Aqu\u00ed estamos cuidando la sana distancia, que no haya est\u00e1s multitudes, porque esto expone la salud de las personas&#8221;, se\u00f1al\u00f3.<\/p>\n\n\n\n<p>Resalt\u00f3 que en la Di\u00f3cesis de Xalapa se cuida el aforo a las iglesias, para que este sea del 30 por ciento, situaci\u00f3n que tambi\u00e9n respetan los feligreses.<\/p>\n\n\n\n<p>Suazo Reyes recalc\u00f3 que en la Di\u00f3cesis de Xalapa desde el comienzo de la pandemia, en el mes de marzo, la Arquidi\u00f3cesis ha sido muy responsable y ha estado colaborando con las autoridades de salud, por lo que\u00a0se ha invitado a los fieles a resguardarse en sus hogares, a no exponerse, se han evitado las reuniones masivas, cursos, han acatado las indicaciones en todo momento.<\/p>\n\n\n\n<p>Finalmente el Vocero de la Arquidi\u00f3cesis manifest\u00f3 que est\u00e1n alerta por si el sem\u00e1foro epidemiol\u00f3gico cambia a rojo, pero por el momento seguir\u00e1n con las iglesias abiertas, aunque la participaci\u00f3n de los feligreses sea menor.<\/p>\n","protected":false},"excerpt":{"rendered":"<p>Dar\u00edo Pale Xalapa, Ver.- Cada obispo debe hacerse responsable de los eventos religiosos que lleva a cabo, ello tras las cr\u00edticas que se hicieran al obispo de C\u00f3rdoba, Eduardo Carmona Ortega, por la misa celebrada de manera masiva el fin de semana pasado, as\u00ed lo inform\u00f3 el\u00a0vocero de la Arquidi\u00f3cesis de Xalapa, Jos\u00e9 Manuel Suazo [&hellip;]<\/p>\n","protected":false},"author":1,"featured_media":10493,"comment_status":"open","ping_status":"open","sticky":false,"template":"","format":"standard","meta":{"_jetpack_memberships_contains_paid_content":false,"footnotes":""},"categories":[3],"tags":[],"class_list":["post-10492","post","type-post","status-publish","format-standard","has-post-thumbnail","hentry","category-xalapa"],"jetpack_featured_media_url":"https:\/\/encuentroinformativo.com.mx\/wp-content\/uploads\/2021\/01\/484235BA-AD92-46ED-8B1E-207ED3E0FD04.jpeg","jetpack_sharing_enabled":true,"jetpack_likes_enabled":true,"amp_enabled":true,"_links":{"self":[{"href":"https:\/\/encuentroinformativo.com.mx\/index.php?rest_route=\/wp\/v2\/posts\/10492","targetHints":{"allow":["GET"]}}],"collection":[{"href":"https:\/\/encuentroinformativo.com.mx\/index.php?rest_route=\/wp\/v2\/posts"}],"about":[{"href":"https:\/\/encuentroinformativo.com.mx\/index.php?rest_route=\/wp\/v2\/types\/post"}],"author":[{"embeddable":true,"href":"https:\/\/encuentroinformativo.com.mx\/index.php?rest_route=\/wp\/v2\/users\/1"}],"replies":[{"embeddable":true,"href":"https:\/\/encuentroinformativo.com.mx\/index.php?rest_route=%2Fwp%2Fv2%2Fcomments&post=10492"}],"version-history":[{"count":1,"href":"https:\/\/encuentroinformativo.com.mx\/index.php?rest_route=\/wp\/v2\/posts\/10492\/revisions"}],"predecessor-version":[{"id":10494,"href":"https:\/\/encuentroinformativo.com.mx\/index.php?rest_route=\/wp\/v2\/posts\/10492\/revisions\/10494"}],"wp:featuredmedia":[{"embeddable":true,"href":"https:\/\/encuentroinformativo.com.mx\/index.php?rest_route=\/wp\/v2\/media\/10493"}],"wp:attachment":[{"href":"https:\/\/encuentroinformativo.com.mx\/index.php?rest_route=%2Fwp%2Fv2%2Fmedia&parent=10492"}],"wp:term":[{"taxonomy":"category","embeddable":true,"href":"https:\/\/encuentroinformativo.com.mx\/index.php?rest_route=%2Fwp%2Fv2%2Fcategories&post=10492"},{"taxonomy":"post_tag","embeddable":true,"href":"https:\/\/encuentroinformativo.com.mx\/index.php?rest_route=%2Fwp%2Fv2%2Ftags&post=10492"}],"curies":[{"name":"wp","href":"https:\/\/api.w.org\/{rel}","templated":true}]}}