{"id":10504,"date":"2021-01-26T15:13:00","date_gmt":"2021-01-26T21:13:00","guid":{"rendered":"https:\/\/encuentroinformativo.com.mx\/?p=10504"},"modified":"2021-01-26T15:13:03","modified_gmt":"2021-01-26T21:13:03","slug":"alianzas-son-muegano-electoral-gil-rullan","status":"publish","type":"post","link":"https:\/\/encuentroinformativo.com.mx\/?p=10504","title":{"rendered":"Alianzas son mu\u00e9gano electoral: Gil Rull\u00e1n"},"content":{"rendered":"\n<p><strong>Juan Arcos <\/strong><\/p>\n\n\n\n<p>Xalapa, Ver.- El coordinador de la Comisi\u00f3n Operativa de Movimiento Ciudadano (MC) en Veracruz, Sergio Gil Rull\u00e1n, consider\u00f3 que las posibles alianzas entre distintos partidos pol\u00edticos durante este proceso 2021 son un \u201cmu\u00e9gano electoral\u201d.<\/p>\n\n\n\n<p>El entrevistado consider\u00f3 que la alianza entre el Partido Revolucionario Institucional (PRI), Partido Acci\u00f3n Nacional (PAN) y el Partido de la Revoluci\u00f3n Democr\u00e1tica (PRD) y la coalici\u00f3n entre el Movimiento de Regeneraci\u00f3n Nacional (Morena), el Partido Verde Ecologista de M\u00e9xico (PVEM) y el Partido del Trabajo (PT) son m\u00e1s de lo mismo.<\/p>\n\n\n\n<p>Opin\u00f3 que, en el caso de la alianza PRI-PAN-PRD, quienes est\u00e1n encabezando las candidaturas son perfiles que ya le han fallado al pueblo veracruzano.<\/p>\n\n\n\n<p>\u201cEl PRI, PAN y el PRD junt\u00e1ndose con lo mismo de siempre, juntando sus negativos y creando un mu\u00e9gano electoral que en vez de abrir las puertas, a los mejores perfiles, a la gente de bien, decide agarrarlos de dentro de s\u00ed mismos con los que ya fallaron\u201d.\u00a0<\/p>\n\n\n\n<p>Adem\u00e1s, reprob\u00f3 que Morena no ha cumplido sus promesas y esa situaci\u00f3n se ver\u00e1 reflejada en las urnas durante la votaci\u00f3n del pr\u00f3ximo 6 de junio.<\/p>\n\n\n\n<p>\u201cEl PRI no me brinca, es una pol\u00edtica normal, me preocupa de otros institutos pol\u00edticos que hace un par de a\u00f1os dijeron que iban a llegar al poder para erradicar no nada m\u00e1s esas pr\u00e1cticas sino esos personajes que le hicieron mal a Veracruz. Yo quiero ver c\u00f3mo van a reaccionar los que alguna vez les dieron la confianza, para sacarlos y mandarlos a otro lado, y que ahora se los van topar no nada m\u00e1s caminando, sino hasta en la boleta, eso nos dar\u00eda pena y verg\u00fcenza\u201d.<\/p>\n\n\n\n<p>Gil Rull\u00e1n record\u00f3 que Movimiento Ciudadano ir\u00e1 solo en este proceso electoral, sin ninguna alianza electoral, y critic\u00f3 la coalici\u00f3n de Morena.<\/p>\n\n\n\n<p>\u201cEn el caso de los otros que est\u00e1n en el gobierno y fueron por una ola brutal, que dijeron que iban a llegar a cambiar las cosas, que odiaban y hablaban pestes del verde ecologista desde la tribuna, que pidieron que le quitaran el registro al verde ecologista y ahora son hermanitos en las votaciones de la cantas y aliados electorales, \u00bfcual congruencia?, nosotros a decidimos alejarnos de esa pol\u00edtica en coaliciones, participar solos y hacer de movimiento Ciudadano la casa de hombres y mujeres libres que busquen rescatar la grandeza de Veracruz\u201d, agreg\u00f3.<\/p>\n\n\n\n<p>Cabe recordar que la noche del lunes, la cantante Paquita la del Barrio anunci\u00f3 su registro oficial como precandidata de Movimiento Ciudadano a la diputaci\u00f3n local por el distrito 8, con cabecera municipal en Misantla.<\/p>\n\n\n\n<p>Tambi\u00e9n el vocalista y fundador del grupo musical Jaleo, Giovanni Arcos Marines, se registr\u00f3 formalmente como precandidato de MC a la diputaci\u00f3n local por el distrito de Xalapa Urbano.<\/p>\n","protected":false},"excerpt":{"rendered":"<p>Juan Arcos Xalapa, Ver.- El coordinador de la Comisi\u00f3n Operativa de Movimiento Ciudadano (MC) en Veracruz, Sergio Gil Rull\u00e1n, consider\u00f3 que las posibles alianzas entre distintos partidos pol\u00edticos durante este proceso 2021 son un \u201cmu\u00e9gano electoral\u201d. El entrevistado consider\u00f3 que la alianza entre el Partido Revolucionario Institucional (PRI), Partido Acci\u00f3n Nacional (PAN) y el Partido [&hellip;]<\/p>\n","protected":false},"author":1,"featured_media":10505,"comment_status":"open","ping_status":"open","sticky":false,"template":"","format":"standard","meta":{"_jetpack_memberships_contains_paid_content":false,"footnotes":""},"categories":[2],"tags":[],"class_list":["post-10504","post","type-post","status-publish","format-standard","has-post-thumbnail","hentry","category-estado"],"jetpack_featured_media_url":"https:\/\/encuentroinformativo.com.mx\/wp-content\/uploads\/2021\/01\/2C0F7BA3-9E22-48CB-B0B3-3B4BC2E26528.jpeg","jetpack_sharing_enabled":true,"jetpack_likes_enabled":true,"amp_enabled":true,"_links":{"self":[{"href":"https:\/\/encuentroinformativo.com.mx\/index.php?rest_route=\/wp\/v2\/posts\/10504","targetHints":{"allow":["GET"]}}],"collection":[{"href":"https:\/\/encuentroinformativo.com.mx\/index.php?rest_route=\/wp\/v2\/posts"}],"about":[{"href":"https:\/\/encuentroinformativo.com.mx\/index.php?rest_route=\/wp\/v2\/types\/post"}],"author":[{"embeddable":true,"href":"https:\/\/encuentroinformativo.com.mx\/index.php?rest_route=\/wp\/v2\/users\/1"}],"replies":[{"embeddable":true,"href":"https:\/\/encuentroinformativo.com.mx\/index.php?rest_route=%2Fwp%2Fv2%2Fcomments&post=10504"}],"version-history":[{"count":1,"href":"https:\/\/encuentroinformativo.com.mx\/index.php?rest_route=\/wp\/v2\/posts\/10504\/revisions"}],"predecessor-version":[{"id":10506,"href":"https:\/\/encuentroinformativo.com.mx\/index.php?rest_route=\/wp\/v2\/posts\/10504\/revisions\/10506"}],"wp:featuredmedia":[{"embeddable":true,"href":"https:\/\/encuentroinformativo.com.mx\/index.php?rest_route=\/wp\/v2\/media\/10505"}],"wp:attachment":[{"href":"https:\/\/encuentroinformativo.com.mx\/index.php?rest_route=%2Fwp%2Fv2%2Fmedia&parent=10504"}],"wp:term":[{"taxonomy":"category","embeddable":true,"href":"https:\/\/encuentroinformativo.com.mx\/index.php?rest_route=%2Fwp%2Fv2%2Fcategories&post=10504"},{"taxonomy":"post_tag","embeddable":true,"href":"https:\/\/encuentroinformativo.com.mx\/index.php?rest_route=%2Fwp%2Fv2%2Ftags&post=10504"}],"curies":[{"name":"wp","href":"https:\/\/api.w.org\/{rel}","templated":true}]}}