{"id":10507,"date":"2021-01-26T15:38:01","date_gmt":"2021-01-26T21:38:01","guid":{"rendered":"https:\/\/encuentroinformativo.com.mx\/?p=10507"},"modified":"2021-01-26T15:38:03","modified_gmt":"2021-01-26T21:38:03","slug":"destapan-a-carlos-garcia-mendez-para-alcaldia-xalapena","status":"publish","type":"post","link":"https:\/\/encuentroinformativo.com.mx\/?p=10507","title":{"rendered":"Destapan a Carlos Garc\u00eda M\u00e9ndez para alcald\u00eda xalape\u00f1a"},"content":{"rendered":"\n<p><strong>Dar\u00edo Pale <\/strong><\/p>\n\n\n\n<p>Xalapa, Ver.- Ren\u00e9 \u00c1lvarez Montero presidente de la Uni\u00f3n Nacional de Agraristas Universitarios de M\u00e9xico (UNAUM) pidieron a Carlos Garc\u00eda M\u00e9ndez, rector de la Universidad de Xalapa contienda por la alcald\u00eda de Xalapa, por la v\u00eda independiente, ya que\u00a0cumple con los requisitos y el perfil para ser el presidente municipal para la ciudad.<\/p>\n\n\n\n<p>En conferencia de prensa realizada en conocido caf\u00e9 del centro de Xalapa se\u00f1al\u00f3 que, \u201canalizamos a todos los candidatos de la ciudad de Xalapa que est\u00e1n participando, y en ese sentido, por ser acad\u00e9micos nosotros vimos que hay un hombre que puede apuntarse como candidato independiente que es Carlos Garc\u00eda M\u00e9ndez\u201d.<\/p>\n\n\n\n<p>Explic\u00f3 que desde su perspectiva, tambi\u00e9n puede apoyar al sector agrario de la regi\u00f3n Xalapa,\u00a0\u201cya ser\u00e1 \u00e9l quien decida de que manera va a participar, aqu\u00ed lo importante es que un grupo xalape\u00f1o, como lo hay muchos candidatos que se han estado registrando y creemos que en una encuesta que se haga va a salir el mas favorecido\u201d.<\/p>\n\n\n\n<p>\u00c1lvarez Montero reconoci\u00f3 que es complicada la recolecci\u00f3n de firmas para lograr la candidatura independiente, pues no s\u00f3lo se requiere el apoyo de las y los ciudadanos, si no que tambi\u00e9n el recurso para pagar todo el proceso.\u00a0<\/p>\n","protected":false},"excerpt":{"rendered":"<p>Dar\u00edo Pale Xalapa, Ver.- Ren\u00e9 \u00c1lvarez Montero presidente de la Uni\u00f3n Nacional de Agraristas Universitarios de M\u00e9xico (UNAUM) pidieron a Carlos Garc\u00eda M\u00e9ndez, rector de la Universidad de Xalapa contienda por la alcald\u00eda de Xalapa, por la v\u00eda independiente, ya que\u00a0cumple con los requisitos y el perfil para ser el presidente municipal para la ciudad. [&hellip;]<\/p>\n","protected":false},"author":1,"featured_media":10508,"comment_status":"open","ping_status":"open","sticky":false,"template":"","format":"standard","meta":{"_jetpack_memberships_contains_paid_content":false,"footnotes":""},"categories":[3],"tags":[],"class_list":["post-10507","post","type-post","status-publish","format-standard","has-post-thumbnail","hentry","category-xalapa"],"jetpack_featured_media_url":"https:\/\/encuentroinformativo.com.mx\/wp-content\/uploads\/2021\/01\/971DCBFA-4B5B-4632-8B46-0052991EAA54.jpeg","jetpack_sharing_enabled":true,"jetpack_likes_enabled":true,"amp_enabled":true,"_links":{"self":[{"href":"https:\/\/encuentroinformativo.com.mx\/index.php?rest_route=\/wp\/v2\/posts\/10507","targetHints":{"allow":["GET"]}}],"collection":[{"href":"https:\/\/encuentroinformativo.com.mx\/index.php?rest_route=\/wp\/v2\/posts"}],"about":[{"href":"https:\/\/encuentroinformativo.com.mx\/index.php?rest_route=\/wp\/v2\/types\/post"}],"author":[{"embeddable":true,"href":"https:\/\/encuentroinformativo.com.mx\/index.php?rest_route=\/wp\/v2\/users\/1"}],"replies":[{"embeddable":true,"href":"https:\/\/encuentroinformativo.com.mx\/index.php?rest_route=%2Fwp%2Fv2%2Fcomments&post=10507"}],"version-history":[{"count":1,"href":"https:\/\/encuentroinformativo.com.mx\/index.php?rest_route=\/wp\/v2\/posts\/10507\/revisions"}],"predecessor-version":[{"id":10509,"href":"https:\/\/encuentroinformativo.com.mx\/index.php?rest_route=\/wp\/v2\/posts\/10507\/revisions\/10509"}],"wp:featuredmedia":[{"embeddable":true,"href":"https:\/\/encuentroinformativo.com.mx\/index.php?rest_route=\/wp\/v2\/media\/10508"}],"wp:attachment":[{"href":"https:\/\/encuentroinformativo.com.mx\/index.php?rest_route=%2Fwp%2Fv2%2Fmedia&parent=10507"}],"wp:term":[{"taxonomy":"category","embeddable":true,"href":"https:\/\/encuentroinformativo.com.mx\/index.php?rest_route=%2Fwp%2Fv2%2Fcategories&post=10507"},{"taxonomy":"post_tag","embeddable":true,"href":"https:\/\/encuentroinformativo.com.mx\/index.php?rest_route=%2Fwp%2Fv2%2Ftags&post=10507"}],"curies":[{"name":"wp","href":"https:\/\/api.w.org\/{rel}","templated":true}]}}