{"id":10519,"date":"2021-01-27T09:59:55","date_gmt":"2021-01-27T15:59:55","guid":{"rendered":"https:\/\/encuentroinformativo.com.mx\/?p=10519"},"modified":"2021-01-27T09:59:58","modified_gmt":"2021-01-27T15:59:58","slug":"tuxpan-y-sus-pretendientes","status":"publish","type":"post","link":"https:\/\/encuentroinformativo.com.mx\/?p=10519","title":{"rendered":"Tuxpan y sus pretendientes"},"content":{"rendered":"\n<p><br><strong>Los Pol\u00edticos<\/strong><\/p>\n\n\n\n<p><strong>Salvador Mu\u00f1oz<\/strong><\/p>\n\n\n\n<p>No recuerdo si fue Domingo Yorio quien alguna vez estamp\u00f3 en una frase su deseo de que tanto gobierno como su partido, voltearan hacia ese punto del estado: \u201cEl Norte tambi\u00e9n es Veracruz\u201d&#8230; pues si bien, Papantla no hizo ruido, s\u00ed lo hizo hasta hace unos cuantos a\u00f1os Tuxpan, cuando tuvo entre las principales fuerzas pol\u00edticas de la entidad, a tres dirigentes de partido: Rogelio Franco Cast\u00e1n, Alberto Silva Ramos y Pepe Mancha.<\/p>\n\n\n\n<p>Dos de estos porte\u00f1os tuvieron su momento de gloria cuando al tiempo, su candidato en alianza lleg\u00f3 al poder estatal. Para ese momento, El Cisne ya no estaba al frente del PRI.<\/p>\n\n\n\n<p>Hoy, nuevamente, las circunstancias pudieran juntarlos, en su municipio y de refil\u00f3n, quiz\u00e1s en su distrito\u2026 todo depende\u2026<\/p>\n\n\n\n<p>En el caso de Rogelio Franco, es posible que est\u00e9 dentro de los suspirantes a ser apuntado entre la lista de \u201cpluris\u201d&#8230; en el caso de Beto Silva y Pepe Mancha, todo apunta que buscan ser candidatos de sus respectivos partidos para ir en pos de la presidencia municipal, hoy capitaneada por Juan Antonio Aguilar Mancha, primo del ex dirigente azul.<\/p>\n\n\n\n<p>Por supuesto, El Cisne y Pepe Mancha no son los \u00fanicos interesados, y para lograr su prop\u00f3sito, tienen que lidiar con las aspiraciones de otros a los que tambi\u00e9n \u201cles hache ach\u00ed\u201d su corazoncito.<\/p>\n\n\n\n<p>En el caso de Morena (donde se debe incluir PT y PVEM, partido verde donde entra el Cisne), hay quienes igual citan al diputado federal Marco Medina as\u00ed como al legislador local Jose Manuel Pozos Castro.<br>Por cierto, es el legislador (federal) quien al parecer tiene el apoyo de los morenos porte\u00f1os y por el que m\u00e1s abogan\u2026 aunque la decisi\u00f3n final dicen que ha de definirse en las encuestas y en los acuerdos que haya con la alianza.<\/p>\n\n\n\n<p>Si bien pareciera que Pepe Mancha va solo como candidato, por ah\u00ed todav\u00eda alza la mano el ex diputado Arturo Esquit\u00edn\u2026<\/p>\n\n\n\n<p>\u00a1Ojo! porque si bien pudiera ser un punto a favor para Pepe Mancha que su primo encabece el Ayuntamiento en este momento, igual pudiera pasarle la factura este hecho porque al final, es claro, nunca se tiene contento a todos. Agregue que este sentido patrimonialista con que las familias pol\u00edticas toman distritos o municipios, como que a veces no es bien visto, pero de eso adolece la mayor\u00eda de los partidos; que quede claro: con ello no se pretende eximir de nada a nadie.<\/p>\n\n\n\n<p>Por el PRI, se habla de \u201cCh\u00f3foro\u201d Hern\u00e1ndez Cerecedo, quien puntea entre sus otros compa\u00f1eros de partido como Juan Ram\u00f3n G\u00e1nem, quien se mueve para lograrla as\u00ed como Miguel Angel Elizalde, empresario local, por cierto, cercano a Beto Silva.<\/p>\n\n\n\n<p>Por Movimiento Ciudadano, Juan Cano, constructor y parte del Colegio de Ingenieros Civiles de esta ciudad. Como independiente, Everardo Gustin, empresario y due\u00f1o de Gr\u00faas Tuxpan\u2026<\/p>\n\n\n\n<p>Dato curioso: No s\u00e9 si sea motivo de orgullo, pero hasta donde se tiene memoria, Tuxpan lleva en su cuenta, tres ex alcaldes entambados, siendo quiz\u00e1s el m\u00e1s pol\u00e9mico, el \u00faltimo: Juan Ram\u00f3n G\u00e1nem, porque a Alberto Silva Ramos poco le import\u00f3 que fuera de su entonces partido, el PRI, \u00a1y le dio piso!<\/p>\n\n\n\n<p>El primer ex alcalde detenido, de acuerdo a la historia, fue el m\u00e9dico Jaime Zapata V\u00e1zquez, quien gobern\u00f3 en el trienio 1985-1988. Luego, le toc\u00f3 turno a Alfredo Huerta Le\u00f3n, quien lleg\u00f3 a la alcald\u00eda por el PRD en el trienio 1998-2000. Es detenido un d\u00eda despu\u00e9s de haber dejado la presidencia municipal. G\u00e1nem fue el tercero.<\/p>\n\n\n\n<p>Otro dato para cerrar\u2026 a ojo de buen cubero, Tuxpan tiene tres aspirantes a candidato a la alcald\u00eda que ya fueron presidentes municipales: Ch\u00f3foro, el Cisne y Juan Ram\u00f3n G\u00e1nem. \u00bfApostar\u00e1n los tuxpe\u00f1os a quienes ya conocen o buscar\u00e1n una nueva opci\u00f3n?<\/p>\n\n\n\n<p><a href=\"mailto:smcainito@gmail.com\" target=\"_blank\" rel=\"noreferrer noopener\">smcainito@gmail.com<\/a><\/p>\n","protected":false},"excerpt":{"rendered":"<p>Los Pol\u00edticos Salvador Mu\u00f1oz No recuerdo si fue Domingo Yorio quien alguna vez estamp\u00f3 en una frase su deseo de que tanto gobierno como su partido, voltearan hacia ese punto del estado: \u201cEl Norte tambi\u00e9n es Veracruz\u201d&#8230; pues si bien, Papantla no hizo ruido, s\u00ed lo hizo hasta hace unos cuantos a\u00f1os Tuxpan, cuando tuvo [&hellip;]<\/p>\n","protected":false},"author":1,"featured_media":70,"comment_status":"open","ping_status":"open","sticky":false,"template":"","format":"standard","meta":{"_jetpack_memberships_contains_paid_content":false,"footnotes":""},"categories":[11],"tags":[],"class_list":["post-10519","post","type-post","status-publish","format-standard","has-post-thumbnail","hentry","category-opinion"],"jetpack_featured_media_url":"https:\/\/encuentroinformativo.com.mx\/wp-content\/uploads\/2020\/02\/opinion-invitado.jpg","jetpack_sharing_enabled":true,"jetpack_likes_enabled":true,"amp_enabled":true,"_links":{"self":[{"href":"https:\/\/encuentroinformativo.com.mx\/index.php?rest_route=\/wp\/v2\/posts\/10519","targetHints":{"allow":["GET"]}}],"collection":[{"href":"https:\/\/encuentroinformativo.com.mx\/index.php?rest_route=\/wp\/v2\/posts"}],"about":[{"href":"https:\/\/encuentroinformativo.com.mx\/index.php?rest_route=\/wp\/v2\/types\/post"}],"author":[{"embeddable":true,"href":"https:\/\/encuentroinformativo.com.mx\/index.php?rest_route=\/wp\/v2\/users\/1"}],"replies":[{"embeddable":true,"href":"https:\/\/encuentroinformativo.com.mx\/index.php?rest_route=%2Fwp%2Fv2%2Fcomments&post=10519"}],"version-history":[{"count":1,"href":"https:\/\/encuentroinformativo.com.mx\/index.php?rest_route=\/wp\/v2\/posts\/10519\/revisions"}],"predecessor-version":[{"id":10520,"href":"https:\/\/encuentroinformativo.com.mx\/index.php?rest_route=\/wp\/v2\/posts\/10519\/revisions\/10520"}],"wp:featuredmedia":[{"embeddable":true,"href":"https:\/\/encuentroinformativo.com.mx\/index.php?rest_route=\/wp\/v2\/media\/70"}],"wp:attachment":[{"href":"https:\/\/encuentroinformativo.com.mx\/index.php?rest_route=%2Fwp%2Fv2%2Fmedia&parent=10519"}],"wp:term":[{"taxonomy":"category","embeddable":true,"href":"https:\/\/encuentroinformativo.com.mx\/index.php?rest_route=%2Fwp%2Fv2%2Fcategories&post=10519"},{"taxonomy":"post_tag","embeddable":true,"href":"https:\/\/encuentroinformativo.com.mx\/index.php?rest_route=%2Fwp%2Fv2%2Ftags&post=10519"}],"curies":[{"name":"wp","href":"https:\/\/api.w.org\/{rel}","templated":true}]}}