{"id":10521,"date":"2021-01-27T10:05:39","date_gmt":"2021-01-27T16:05:39","guid":{"rendered":"https:\/\/encuentroinformativo.com.mx\/?p=10521"},"modified":"2021-01-27T10:05:41","modified_gmt":"2021-01-27T16:05:41","slug":"por-pandemia-adelantan-apertura-de-juzgados-laborales-en-veracruz","status":"publish","type":"post","link":"https:\/\/encuentroinformativo.com.mx\/?p=10521","title":{"rendered":"Por pandemia adelantan apertura de Juzgados Laborales en Veracruz"},"content":{"rendered":"\n<p><strong>Alejandro \u00c1vila<\/strong><\/p>\n\n\n\n<p>Veracruz, Ver.- La pandemia origin\u00f3 que Veracruz pasara del grupo tres al dos, por lo que se adelantar\u00e1n recursos y esfuerzos para abrir los Juzgados Laborales en octubre de este a\u00f1o, inform\u00f3 la Presidenta del Tribunal Superior de Justicia del Estado de Veracruz, Isabel In\u00e9s Romero Cruz; quien detall\u00f3 que por el momento existen 12 delegaciones, pero se trabaja para completar los 21 distritos en la entidad veracruzana.<\/p>\n\n\n\n<p>El Centro de Conciliaci\u00f3n y Juzgados Laborales estar\u00e1n en un mismo edificio y estas sedes remplazan a las Juntas de Conciliaci\u00f3n y Arbitraje.<\/p>\n\n\n\n<p>La Secretar\u00eda de Trabajo y Previsi\u00f3n Social (STPS) Federal, tiene previsto entregar a Veracruz un recurso para completar este cambio; cabe se\u00f1alar que la entidad veracruzana es uno de los 11 Estados con mayor rezago, junto con Jalisco, Ciudad de M\u00e9xico, Guanajuato, Nuevo Le\u00f3n, Chihuahua, Coahuila, Puebla, Sonora, Tamaulipas y Tabasco, y si bien se ten\u00eda previsto bajarle recurso en mayo del 2022, debido a los avances dentro del TSJEV, se adelantar\u00e1n los recursos.<\/p>\n\n\n\n<p>Este martes 26 de enero, fue presentada Carla Rodr\u00edguez Gonz\u00e1lez como directora de la Escuela Judicial del Estado de Veracruz.&nbsp;<\/p>\n\n\n\n<p>\u201cDamos toda la confianza a su persona para que la Escuela Judicial camine como hasta ahora y mejoremos los cursos, capacitaciones, en especial, en la materia laboral. Los exhorto a que le pongamos muchas ganas a este tema de la materia laboral porque vamos a iniciar en octubre, ya se abren los Juzgados Laborales a nivel estatal&#8221;, se\u00f1al\u00f3 Romero Cruz.<\/p>\n\n\n\n<p>Con la nueva Reforma Laboral se busca conciliar la mayor cantidad de casos que se presenten, a fin de no llegar a un juicio legal, adem\u00e1s de reducir en un lapso m\u00e1ximo de 5 a\u00f1os los rezagos de expedientes que hay a nivel nacional.<\/p>\n\n\n\n<p>\u201cEs un reto, un desaf\u00edo, pero muy honrada, muy agradecida por la confianza y vamos a echarle muchas ganas, mucho empe\u00f1o e inter\u00e9s para sacar adelante este nuevo reto profesional\u201d, remat\u00f3 Rodr\u00edguez Gonz\u00e1lez.<\/p>\n\n\n\n<p>En la presentaci\u00f3n estuvieron presentes el Magistrado, Antonio Sobrevilla Castillo; Luis Ruben Barragan R\u00edos, Secretario de Acuerdos del Consejo de la Judicatura del Estado de Veracruz y la Directora General de Administraci\u00f3n del Poder Judicial del Estado de Veracruz, Joana Marlen Bautista Flores<\/p>\n","protected":false},"excerpt":{"rendered":"<p>Alejandro \u00c1vila Veracruz, Ver.- La pandemia origin\u00f3 que Veracruz pasara del grupo tres al dos, por lo que se adelantar\u00e1n recursos y esfuerzos para abrir los Juzgados Laborales en octubre de este a\u00f1o, inform\u00f3 la Presidenta del Tribunal Superior de Justicia del Estado de Veracruz, Isabel In\u00e9s Romero Cruz; quien detall\u00f3 que por el momento [&hellip;]<\/p>\n","protected":false},"author":1,"featured_media":10522,"comment_status":"open","ping_status":"open","sticky":false,"template":"","format":"standard","meta":{"_jetpack_memberships_contains_paid_content":false,"footnotes":""},"categories":[2],"tags":[],"class_list":["post-10521","post","type-post","status-publish","format-standard","has-post-thumbnail","hentry","category-estado"],"jetpack_featured_media_url":"https:\/\/encuentroinformativo.com.mx\/wp-content\/uploads\/2021\/01\/108BF4D9-CCA5-4372-8729-706AA36519BC.jpeg","jetpack_sharing_enabled":true,"jetpack_likes_enabled":true,"amp_enabled":true,"_links":{"self":[{"href":"https:\/\/encuentroinformativo.com.mx\/index.php?rest_route=\/wp\/v2\/posts\/10521","targetHints":{"allow":["GET"]}}],"collection":[{"href":"https:\/\/encuentroinformativo.com.mx\/index.php?rest_route=\/wp\/v2\/posts"}],"about":[{"href":"https:\/\/encuentroinformativo.com.mx\/index.php?rest_route=\/wp\/v2\/types\/post"}],"author":[{"embeddable":true,"href":"https:\/\/encuentroinformativo.com.mx\/index.php?rest_route=\/wp\/v2\/users\/1"}],"replies":[{"embeddable":true,"href":"https:\/\/encuentroinformativo.com.mx\/index.php?rest_route=%2Fwp%2Fv2%2Fcomments&post=10521"}],"version-history":[{"count":1,"href":"https:\/\/encuentroinformativo.com.mx\/index.php?rest_route=\/wp\/v2\/posts\/10521\/revisions"}],"predecessor-version":[{"id":10523,"href":"https:\/\/encuentroinformativo.com.mx\/index.php?rest_route=\/wp\/v2\/posts\/10521\/revisions\/10523"}],"wp:featuredmedia":[{"embeddable":true,"href":"https:\/\/encuentroinformativo.com.mx\/index.php?rest_route=\/wp\/v2\/media\/10522"}],"wp:attachment":[{"href":"https:\/\/encuentroinformativo.com.mx\/index.php?rest_route=%2Fwp%2Fv2%2Fmedia&parent=10521"}],"wp:term":[{"taxonomy":"category","embeddable":true,"href":"https:\/\/encuentroinformativo.com.mx\/index.php?rest_route=%2Fwp%2Fv2%2Fcategories&post=10521"},{"taxonomy":"post_tag","embeddable":true,"href":"https:\/\/encuentroinformativo.com.mx\/index.php?rest_route=%2Fwp%2Fv2%2Ftags&post=10521"}],"curies":[{"name":"wp","href":"https:\/\/api.w.org\/{rel}","templated":true}]}}