{"id":10524,"date":"2021-01-27T10:12:45","date_gmt":"2021-01-27T16:12:45","guid":{"rendered":"https:\/\/encuentroinformativo.com.mx\/?p=10524"},"modified":"2021-01-27T10:12:47","modified_gmt":"2021-01-27T16:12:47","slug":"por-campanas-ofrecen-productos-de-canasta-basica-a-bajos-costos","status":"publish","type":"post","link":"https:\/\/encuentroinformativo.com.mx\/?p=10524","title":{"rendered":"\u00bfPor campa\u00f1as?, ofrecen productos de canasta b\u00e1sica a bajos costos"},"content":{"rendered":"\n<p><strong>Alejandro \u00c1vila<\/strong><\/p>\n\n\n\n<p>Medell\u00edn de Bravo, Ver.- El inicio del 2021 trajo consigo un incremento considerable en los productos de la canasta b\u00e1sica, situaci\u00f3n que afecta a localidades de municipios con rezago social, como est\u00e1 catalogado Medell\u00edn de Bravo por el CONEVAL.<\/p>\n\n\n\n<p>Ante esto, la Asociaci\u00f3n Civil Medell\u00edn en Movimiento (MEMO) inici\u00f3 un programa de productos alimenticios a bajo costo, el cuan arranc\u00f3 esta semana en la localidad La Esperanza.<\/p>\n\n\n\n<p>Guillermo Herrada Jim\u00e9nez, dirigente de Comit\u00e9 Operativo de Movimiento Ciudadano, mencion\u00f3 que estar\u00e1n llevando a todas las localidades del municipio, arroz, frijol, az\u00facar, papel de ba\u00f1o, papel de ba\u00f1o, Jamaica, galletas, aceite y sardinas.<\/p>\n\n\n\n<p>Seg\u00fan los propios vecinos, cada vez es m\u00e1s complicado para ellos cubrir los gastos del hogar, pues adem\u00e1s hay incrementos en servicios como luz y agua; esto sin contar con gastos extras que tuvieron que realizar por la pandemia como, renta de Internet y compra de computadora o Tablet para que sus hijos pudieran tomas las clases en l\u00ednea.<\/p>\n\n\n\n<p>\u201cEs dif\u00edcil, como jefa o jefe de familia mantener a sus hijos es complicado, la falta de trabajo, la pandemia y el alza en los alimentos dificulta mantener a una familia; por eso nos hemos dado a la tarea ayudar a los medellinenses llev\u00e1ndoles a sus comunidades productos alimenticios a bajo costo\u201d, dijo Herrada Jim\u00e9nez.<\/p>\n\n\n\n<p>La ayuda que se les brinda a los medellinenses, asegur\u00f3, va m\u00e1s all\u00e1 de llevarles los productos a precios accesibles, pues llegan hasta las comunidades a fin de evitar que gasten en pasaje, pues Medell\u00edn de Bravo es uno de los municipios con mayor extensi\u00f3n territorial en el Estado.<\/p>\n","protected":false},"excerpt":{"rendered":"<p>Alejandro \u00c1vila Medell\u00edn de Bravo, Ver.- El inicio del 2021 trajo consigo un incremento considerable en los productos de la canasta b\u00e1sica, situaci\u00f3n que afecta a localidades de municipios con rezago social, como est\u00e1 catalogado Medell\u00edn de Bravo por el CONEVAL. Ante esto, la Asociaci\u00f3n Civil Medell\u00edn en Movimiento (MEMO) inici\u00f3 un programa de productos [&hellip;]<\/p>\n","protected":false},"author":1,"featured_media":10525,"comment_status":"open","ping_status":"open","sticky":false,"template":"","format":"standard","meta":{"_jetpack_memberships_contains_paid_content":false,"footnotes":""},"categories":[2],"tags":[],"class_list":["post-10524","post","type-post","status-publish","format-standard","has-post-thumbnail","hentry","category-estado"],"jetpack_featured_media_url":"https:\/\/encuentroinformativo.com.mx\/wp-content\/uploads\/2021\/01\/3C30B163-167B-4173-AEDD-307323ED6732.jpeg","jetpack_sharing_enabled":true,"jetpack_likes_enabled":true,"amp_enabled":true,"_links":{"self":[{"href":"https:\/\/encuentroinformativo.com.mx\/index.php?rest_route=\/wp\/v2\/posts\/10524","targetHints":{"allow":["GET"]}}],"collection":[{"href":"https:\/\/encuentroinformativo.com.mx\/index.php?rest_route=\/wp\/v2\/posts"}],"about":[{"href":"https:\/\/encuentroinformativo.com.mx\/index.php?rest_route=\/wp\/v2\/types\/post"}],"author":[{"embeddable":true,"href":"https:\/\/encuentroinformativo.com.mx\/index.php?rest_route=\/wp\/v2\/users\/1"}],"replies":[{"embeddable":true,"href":"https:\/\/encuentroinformativo.com.mx\/index.php?rest_route=%2Fwp%2Fv2%2Fcomments&post=10524"}],"version-history":[{"count":1,"href":"https:\/\/encuentroinformativo.com.mx\/index.php?rest_route=\/wp\/v2\/posts\/10524\/revisions"}],"predecessor-version":[{"id":10526,"href":"https:\/\/encuentroinformativo.com.mx\/index.php?rest_route=\/wp\/v2\/posts\/10524\/revisions\/10526"}],"wp:featuredmedia":[{"embeddable":true,"href":"https:\/\/encuentroinformativo.com.mx\/index.php?rest_route=\/wp\/v2\/media\/10525"}],"wp:attachment":[{"href":"https:\/\/encuentroinformativo.com.mx\/index.php?rest_route=%2Fwp%2Fv2%2Fmedia&parent=10524"}],"wp:term":[{"taxonomy":"category","embeddable":true,"href":"https:\/\/encuentroinformativo.com.mx\/index.php?rest_route=%2Fwp%2Fv2%2Fcategories&post=10524"},{"taxonomy":"post_tag","embeddable":true,"href":"https:\/\/encuentroinformativo.com.mx\/index.php?rest_route=%2Fwp%2Fv2%2Ftags&post=10524"}],"curies":[{"name":"wp","href":"https:\/\/api.w.org\/{rel}","templated":true}]}}