{"id":10527,"date":"2021-01-27T11:18:11","date_gmt":"2021-01-27T17:18:11","guid":{"rendered":"https:\/\/encuentroinformativo.com.mx\/?p=10527"},"modified":"2021-01-27T11:18:14","modified_gmt":"2021-01-27T17:18:14","slug":"funcionario-del-issste-se-defiende-de-acusaciones-en-su-contra","status":"publish","type":"post","link":"https:\/\/encuentroinformativo.com.mx\/?p=10527","title":{"rendered":"Funcionario del ISSSTE se defiende de acusaciones en su contra"},"content":{"rendered":"\n<p><strong>Alejandro \u00c1vila<\/strong><\/p>\n\n\n\n<p>Veracruz, Ver.- El jefe de Programaci\u00f3n y Desarrollo de la delegaci\u00f3n del Issste en Veracruz, Cluni Rafael Aguilar Lendechy, mencion\u00f3 que se ha identificado a la personas que a trav\u00e9s de una carta abierta realiz\u00f3 severas acusaciones en su contra, por lo que se encuentra preparando una demanda por violaci\u00f3n laboral, da\u00f1os a la moral y da\u00f1os patrimoniales.<\/p>\n\n\n\n<p>Expuso que este escrito va m\u00e1s all\u00e1 de un posible malentendido laboral, pues lament\u00f3 que se hayan aprovechado para agredir a su familia y negocio.<\/p>\n\n\n\n<p>\u201cYa estoy preparando la demanda con las evidencias correspondientes para que respondan ante las acusaciones difamatorias infundadas\u201d, acus\u00f3.<\/p>\n\n\n\n<p>Aguilar Lendechy, asegur\u00f3 que no existe pruebas de malversaci\u00f3n de fondos, pues nunca ha realizado una acci\u00f3n de este tipo, pues va en contra de la ley y su \u00e9tica personal; adem\u00e1s, aclar\u00f3 que en ninguno de los puesto que ha ocupado dentro del Instituto de Seguridad y Servicios Sociales de los Trabajadores del Estado (ISSSTE) ha manejado alg\u00fan recurso econ\u00f3mico.<\/p>\n\n\n\n<p>Incluso agreg\u00f3 que son tales las injurias que, no existe un \u00f3rgano auditor que lo se\u00f1ale o siquiera una falta administrativa en sus 36 a\u00f1os de servicio.<\/p>\n\n\n\n<p>\u201cQue no quieran ensuciar mi imagen para pedir mi renuncia porque nunca me he aferrado a ning\u00fan puesto. En cualquier momento me pueden liquidar conforme a la ley sin ning\u00fan problema\u201d, asest\u00f3.<\/p>\n\n\n\n<p>Finalmente, expuso que para nadie es un secreto que \u00e9l es el responsable sanitario de la empresa familiar, donde tampoco existen quejas o demandas de los proveedores con los que cuentan.<\/p>\n\n\n\n<p>\u201cPuedo dar la cara de frente ante la sociedad xalape\u00f1a y cualquier persona. Soy un hombre de trabajo, de proyectos y de superaci\u00f3n acad\u00e9mica. Cuento con 4 doctorados, dos maestr\u00edas, dos especialidades, 3 diplomados y he realizado m\u00e1s de 50 trabajos de investigaci\u00f3n\u201d.<\/p>\n","protected":false},"excerpt":{"rendered":"<p>Alejandro \u00c1vila Veracruz, Ver.- El jefe de Programaci\u00f3n y Desarrollo de la delegaci\u00f3n del Issste en Veracruz, Cluni Rafael Aguilar Lendechy, mencion\u00f3 que se ha identificado a la personas que a trav\u00e9s de una carta abierta realiz\u00f3 severas acusaciones en su contra, por lo que se encuentra preparando una demanda por violaci\u00f3n laboral, da\u00f1os a [&hellip;]<\/p>\n","protected":false},"author":1,"featured_media":10528,"comment_status":"open","ping_status":"open","sticky":false,"template":"","format":"standard","meta":{"_jetpack_memberships_contains_paid_content":false,"footnotes":""},"categories":[2],"tags":[],"class_list":["post-10527","post","type-post","status-publish","format-standard","has-post-thumbnail","hentry","category-estado"],"jetpack_featured_media_url":"https:\/\/encuentroinformativo.com.mx\/wp-content\/uploads\/2021\/01\/0576D7AC-41C8-41C1-84CD-FF32B92B25CB.jpeg","jetpack_sharing_enabled":true,"jetpack_likes_enabled":true,"amp_enabled":true,"_links":{"self":[{"href":"https:\/\/encuentroinformativo.com.mx\/index.php?rest_route=\/wp\/v2\/posts\/10527","targetHints":{"allow":["GET"]}}],"collection":[{"href":"https:\/\/encuentroinformativo.com.mx\/index.php?rest_route=\/wp\/v2\/posts"}],"about":[{"href":"https:\/\/encuentroinformativo.com.mx\/index.php?rest_route=\/wp\/v2\/types\/post"}],"author":[{"embeddable":true,"href":"https:\/\/encuentroinformativo.com.mx\/index.php?rest_route=\/wp\/v2\/users\/1"}],"replies":[{"embeddable":true,"href":"https:\/\/encuentroinformativo.com.mx\/index.php?rest_route=%2Fwp%2Fv2%2Fcomments&post=10527"}],"version-history":[{"count":1,"href":"https:\/\/encuentroinformativo.com.mx\/index.php?rest_route=\/wp\/v2\/posts\/10527\/revisions"}],"predecessor-version":[{"id":10529,"href":"https:\/\/encuentroinformativo.com.mx\/index.php?rest_route=\/wp\/v2\/posts\/10527\/revisions\/10529"}],"wp:featuredmedia":[{"embeddable":true,"href":"https:\/\/encuentroinformativo.com.mx\/index.php?rest_route=\/wp\/v2\/media\/10528"}],"wp:attachment":[{"href":"https:\/\/encuentroinformativo.com.mx\/index.php?rest_route=%2Fwp%2Fv2%2Fmedia&parent=10527"}],"wp:term":[{"taxonomy":"category","embeddable":true,"href":"https:\/\/encuentroinformativo.com.mx\/index.php?rest_route=%2Fwp%2Fv2%2Fcategories&post=10527"},{"taxonomy":"post_tag","embeddable":true,"href":"https:\/\/encuentroinformativo.com.mx\/index.php?rest_route=%2Fwp%2Fv2%2Ftags&post=10527"}],"curies":[{"name":"wp","href":"https:\/\/api.w.org\/{rel}","templated":true}]}}