{"id":10533,"date":"2021-01-27T11:59:55","date_gmt":"2021-01-27T17:59:55","guid":{"rendered":"https:\/\/encuentroinformativo.com.mx\/?p=10533"},"modified":"2021-01-27T11:59:58","modified_gmt":"2021-01-27T17:59:58","slug":"proxima-semana-realizan-preinscripciones-a-educacion-basica","status":"publish","type":"post","link":"https:\/\/encuentroinformativo.com.mx\/?p=10533","title":{"rendered":"Pr\u00f3xima semana realizan preinscripciones a educaci\u00f3n b\u00e1sica"},"content":{"rendered":"\n<p><strong>Alejandro \u00c1vila<\/strong><\/p>\n\n\n\n<p>Veracruz, Ver.- El proceso de pre inscripci\u00f3n para educaci\u00f3n b\u00e1sica p\u00fablica en 2021 ser\u00e1 totalmente en l\u00ednea y por un corto lapso de tiempo, detall\u00f3 el director de Secundaria del Ilustre Instituto Veracruzano, V\u00edctor Manuel Jim\u00e9nez M\u00e9ndez.<\/p>\n\n\n\n<p>Todo esto se acord\u00f3 con la Secretar\u00eda de Educaci\u00f3n P\u00fablica (SEP) y fue avalado por la Secretar\u00eda de Educaci\u00f3n de Veracruz (SEV).<\/p>\n\n\n\n<p>\u201cPor razones de reglamentaci\u00f3n sanitaria ocasionada por el virus SARS-COV2 en nuestro pa\u00eds, se llevar\u00e1 a cabo en esta ocasi\u00f3n de manera virtual\u201d, explic\u00f3.<\/p>\n\n\n\n<p>Los padres de familia que deseen solicitar la pre inscripci\u00f3n de su hijo o hija a la educaci\u00f3n secundaria, deber\u00e1 cumplir con los requisitos que marcan en la p\u00e1gina de Internet donde se har\u00e1n los tr\u00e1mites.<\/p>\n\n\n\n<p>\u201cEl proceso de preinscripci\u00f3n ser\u00e1 totalmente en l\u00ednea, las \u00fanicas fechas ser\u00e1n del 2 al 4 de febrero del 2021, deber\u00e1n ingresar a http:\/\/mi.sev.gob.mx\u201d, subray\u00f3.<\/p>\n\n\n\n<p>Una vez en la p\u00e1gina se debe seleccionar la escuela que solicitan, ejemplo \u201cIlustre Instituto Veracruzano\u201d, donde deber\u00e1n aportar la clave del centro de trabajo, que en este caso es, 30EES0128O, el turno donde se desea ingresar y el municipio, que ser\u00eda Boca del R\u00edo.<\/p>\n\n\n\n<p>\u201cPara descargar la ficha de pre insprici\u00f3n, deber\u00e1 hacerlo desde mi portal mi.sev, pero hasta el 10 de febrero podr\u00e1 hacerlo, es importante imprimirlo y guardar una copia\u201d, resalt\u00f3 Jim\u00e9nez M\u00e9ndez.<\/p>\n\n\n\n<p>En el caso espec\u00edfico del Ilustre Instituto Veracruzano, el cual se ubica en el bulevar \u201cAdolfo Ruiz Cort\u00ednes\u201d en el fraccionamiento Costa Verde de Boca del R\u00edo, si existiera alguna duda, podr\u00edan comunicar al correo electr\u00f3nico ees0128O@outlook.com o al tel\u00e9fono 22 99 82 13 57.<\/p>\n","protected":false},"excerpt":{"rendered":"<p>Alejandro \u00c1vila Veracruz, Ver.- El proceso de pre inscripci\u00f3n para educaci\u00f3n b\u00e1sica p\u00fablica en 2021 ser\u00e1 totalmente en l\u00ednea y por un corto lapso de tiempo, detall\u00f3 el director de Secundaria del Ilustre Instituto Veracruzano, V\u00edctor Manuel Jim\u00e9nez M\u00e9ndez. Todo esto se acord\u00f3 con la Secretar\u00eda de Educaci\u00f3n P\u00fablica (SEP) y fue avalado por la [&hellip;]<\/p>\n","protected":false},"author":1,"featured_media":10534,"comment_status":"open","ping_status":"open","sticky":false,"template":"","format":"standard","meta":{"_jetpack_memberships_contains_paid_content":false,"footnotes":""},"categories":[2],"tags":[],"class_list":["post-10533","post","type-post","status-publish","format-standard","has-post-thumbnail","hentry","category-estado"],"jetpack_featured_media_url":"https:\/\/encuentroinformativo.com.mx\/wp-content\/uploads\/2021\/01\/47A7E5E6-3082-4DBC-B6A4-E16FB176AAC6.jpeg","jetpack_sharing_enabled":true,"jetpack_likes_enabled":true,"amp_enabled":true,"_links":{"self":[{"href":"https:\/\/encuentroinformativo.com.mx\/index.php?rest_route=\/wp\/v2\/posts\/10533","targetHints":{"allow":["GET"]}}],"collection":[{"href":"https:\/\/encuentroinformativo.com.mx\/index.php?rest_route=\/wp\/v2\/posts"}],"about":[{"href":"https:\/\/encuentroinformativo.com.mx\/index.php?rest_route=\/wp\/v2\/types\/post"}],"author":[{"embeddable":true,"href":"https:\/\/encuentroinformativo.com.mx\/index.php?rest_route=\/wp\/v2\/users\/1"}],"replies":[{"embeddable":true,"href":"https:\/\/encuentroinformativo.com.mx\/index.php?rest_route=%2Fwp%2Fv2%2Fcomments&post=10533"}],"version-history":[{"count":1,"href":"https:\/\/encuentroinformativo.com.mx\/index.php?rest_route=\/wp\/v2\/posts\/10533\/revisions"}],"predecessor-version":[{"id":10536,"href":"https:\/\/encuentroinformativo.com.mx\/index.php?rest_route=\/wp\/v2\/posts\/10533\/revisions\/10536"}],"wp:featuredmedia":[{"embeddable":true,"href":"https:\/\/encuentroinformativo.com.mx\/index.php?rest_route=\/wp\/v2\/media\/10534"}],"wp:attachment":[{"href":"https:\/\/encuentroinformativo.com.mx\/index.php?rest_route=%2Fwp%2Fv2%2Fmedia&parent=10533"}],"wp:term":[{"taxonomy":"category","embeddable":true,"href":"https:\/\/encuentroinformativo.com.mx\/index.php?rest_route=%2Fwp%2Fv2%2Fcategories&post=10533"},{"taxonomy":"post_tag","embeddable":true,"href":"https:\/\/encuentroinformativo.com.mx\/index.php?rest_route=%2Fwp%2Fv2%2Ftags&post=10533"}],"curies":[{"name":"wp","href":"https:\/\/api.w.org\/{rel}","templated":true}]}}