{"id":10537,"date":"2021-01-27T13:12:20","date_gmt":"2021-01-27T19:12:20","guid":{"rendered":"https:\/\/encuentroinformativo.com.mx\/?p=10537"},"modified":"2021-01-27T13:12:23","modified_gmt":"2021-01-27T19:12:23","slug":"abandonan-ediles-comision-de-comercio-y-central-de-abastos","status":"publish","type":"post","link":"https:\/\/encuentroinformativo.com.mx\/?p=10537","title":{"rendered":"Abandonan ediles comisi\u00f3n de comercio y central de abastos"},"content":{"rendered":"\n<p><strong>Dar\u00edo Pale <\/strong><\/p>\n\n\n\n<p>Xalapa, Ver.- En la Comisi\u00f3n Edilicia de Comercio y Central de Abastos del Ayuntamiento de Xalapa solo se qued\u00f3 con la regidora Guillermina Ram\u00edrez Rodr\u00edguez ya que primero renunci\u00f3 el regidor Francisco Javier Gonz\u00e1lez Villag\u00f3mez y el d\u00eda de ayer renunci\u00f3 la regidora Ana Mar\u00eda C\u00f3rdoba.<\/p>\n\n\n\n<p>El d\u00eda de ayer le toc\u00f3 el turno a la doctora Ana Mar\u00eda C\u00f3rdoba Hern\u00e1ndez, quien solicit\u00f3 su renuncia a la mencionada comisi\u00f3n, y en car\u00e1cter de irrevocable, por asuntos personales y a causa de que ha invertido m\u00e1s tiempo al tema de salud animal.<\/p>\n\n\n\n<p>En su renuncia, presentada este martes, la regidora novena hace menci\u00f3n de que atender\u00e1 causas personales y profesionales, sin aclarar el motivo principal.<\/p>\n\n\n\n<p>Es de recordar que hace unos d\u00edas el regidor d\u00e9cimoprimero, Francisco Javier Gonz\u00e1lez Villag\u00f3mez, tambi\u00e9n present\u00f3 su renuncia a dicha \u00e1rea, durante una sesi\u00f3n de Cabildo, por lo que ahora Comercio quedar\u00eda con un solo integrante: la regidora Guillermina Ram\u00edrez Rodr\u00edguez.<\/p>\n\n\n\n<p>Finalmente cabe destacar que en el mes de diciembre, el subdirector de Comercio, Guilebaldo Flores Lom\u00e1n, por lo que el \u00e1rea queda a la deriva, sobre todo en los tiempos m\u00e1s complicados para la econom\u00eda de la capital del estado, que estar\u00e1 pasando en esa comisi\u00f3n?, que todos se est\u00e1n retirando.<\/p>\n","protected":false},"excerpt":{"rendered":"<p>Dar\u00edo Pale Xalapa, Ver.- En la Comisi\u00f3n Edilicia de Comercio y Central de Abastos del Ayuntamiento de Xalapa solo se qued\u00f3 con la regidora Guillermina Ram\u00edrez Rodr\u00edguez ya que primero renunci\u00f3 el regidor Francisco Javier Gonz\u00e1lez Villag\u00f3mez y el d\u00eda de ayer renunci\u00f3 la regidora Ana Mar\u00eda C\u00f3rdoba. El d\u00eda de ayer le toc\u00f3 el [&hellip;]<\/p>\n","protected":false},"author":1,"featured_media":2264,"comment_status":"open","ping_status":"open","sticky":false,"template":"","format":"standard","meta":{"_jetpack_memberships_contains_paid_content":false,"footnotes":""},"categories":[3],"tags":[],"class_list":["post-10537","post","type-post","status-publish","format-standard","has-post-thumbnail","hentry","category-xalapa"],"jetpack_featured_media_url":"https:\/\/encuentroinformativo.com.mx\/wp-content\/uploads\/2020\/05\/C0B4378E-56BB-4A73-B085-BEF2AF82CD70.jpeg","jetpack_sharing_enabled":true,"jetpack_likes_enabled":true,"amp_enabled":true,"_links":{"self":[{"href":"https:\/\/encuentroinformativo.com.mx\/index.php?rest_route=\/wp\/v2\/posts\/10537","targetHints":{"allow":["GET"]}}],"collection":[{"href":"https:\/\/encuentroinformativo.com.mx\/index.php?rest_route=\/wp\/v2\/posts"}],"about":[{"href":"https:\/\/encuentroinformativo.com.mx\/index.php?rest_route=\/wp\/v2\/types\/post"}],"author":[{"embeddable":true,"href":"https:\/\/encuentroinformativo.com.mx\/index.php?rest_route=\/wp\/v2\/users\/1"}],"replies":[{"embeddable":true,"href":"https:\/\/encuentroinformativo.com.mx\/index.php?rest_route=%2Fwp%2Fv2%2Fcomments&post=10537"}],"version-history":[{"count":1,"href":"https:\/\/encuentroinformativo.com.mx\/index.php?rest_route=\/wp\/v2\/posts\/10537\/revisions"}],"predecessor-version":[{"id":10538,"href":"https:\/\/encuentroinformativo.com.mx\/index.php?rest_route=\/wp\/v2\/posts\/10537\/revisions\/10538"}],"wp:featuredmedia":[{"embeddable":true,"href":"https:\/\/encuentroinformativo.com.mx\/index.php?rest_route=\/wp\/v2\/media\/2264"}],"wp:attachment":[{"href":"https:\/\/encuentroinformativo.com.mx\/index.php?rest_route=%2Fwp%2Fv2%2Fmedia&parent=10537"}],"wp:term":[{"taxonomy":"category","embeddable":true,"href":"https:\/\/encuentroinformativo.com.mx\/index.php?rest_route=%2Fwp%2Fv2%2Fcategories&post=10537"},{"taxonomy":"post_tag","embeddable":true,"href":"https:\/\/encuentroinformativo.com.mx\/index.php?rest_route=%2Fwp%2Fv2%2Ftags&post=10537"}],"curies":[{"name":"wp","href":"https:\/\/api.w.org\/{rel}","templated":true}]}}