{"id":10545,"date":"2021-01-27T16:01:55","date_gmt":"2021-01-27T22:01:55","guid":{"rendered":"https:\/\/encuentroinformativo.com.mx\/?p=10545"},"modified":"2021-01-27T16:01:58","modified_gmt":"2021-01-27T22:01:58","slug":"sondeo-adultos-desconfian-de-aplicacion-de-vacuna","status":"publish","type":"post","link":"https:\/\/encuentroinformativo.com.mx\/?p=10545","title":{"rendered":"Sondeo, adultos desconf\u00edan de aplicaci\u00f3n de vacuna"},"content":{"rendered":"\n<p><strong>Juan Arcos <\/strong><\/p>\n\n\n\n<p>Xalapa, Ver.- Pobladores de Xalapa y Coatepec dijeron que no se aplicar\u00edan la vacuna contra el SARS-COV-2 (COVID-19) por su presunta ineficacia y el temor a posibles da\u00f1os a la salud por efectos secundarios.<\/p>\n\n\n\n<p>En un sondeo, adultos mayores coincidieron en que esperar\u00edan a tener certeza de que el biol\u00f3gico es confiable y eficaz.<\/p>\n\n\n\n<p>Adem\u00e1s, dijeron que acceder\u00edan al beneficio con base en el Plan Nacional de Vacunaci\u00f3n, anunciado por el presidente de la Rep\u00fablica Mexicana, Andr\u00e9s Manuel L\u00f3pez Obrador.<\/p>\n\n\n\n<p>Mientras que algunos adultos, menores de 35 a\u00f1os, afirmaron que se aplicar\u00edan la vacuna en este momento, si fuera posible.<\/p>\n\n\n\n<p>Manuel Aguilar, de 60 a\u00f1os, indic\u00f3 que ha escuchado en medios de comunicaci\u00f3n que algunos trabajadores de la salud se han aplicado la vacuna y, pese a ello, se contagiaron.<\/p>\n\n\n\n<p>\u201cHay que esperar la buena. Esperar\u00eda el Plan Nacional de Vacunaci\u00f3n porque en lo particular la van a cobrar. No s\u00e9 cu\u00e1nto vaya a avistar\u201d, expres\u00f3.<\/p>\n\n\n\n<p>Mart\u00edn Casanova, mayor de 50 a\u00f1os, dijo que su salud podr\u00eda estar en riesgo por posibles reacciones secundarias y, por ello, preferir\u00eda no aplic\u00e1rsela.<\/p>\n\n\n\n<p>\u201cNo sabemos qu\u00e9 reacciones tengamos, nada m\u00e1s. Si me llega a pasar algo por la reacci\u00f3n que tenga la vacuna, por lo pronto, yo no me la pondr\u00eda\u201d.<\/p>\n\n\n\n<p>La xalape\u00f1a Maricela Guti\u00e9rrez, de 29 a\u00f1os, opin\u00f3 que tampoco se aplicar\u00eda la vacuna, ante las contradicciones que ha habido en los estudios cient\u00edficos sobre su eficacia.<\/p>\n\n\n\n<p>\u201cLa vacuna dar\u00eda inmunidad de seis meses, pero no me gustar\u00eda aplic\u00e1rmela en m\u00e1s de dos ocasiones. No creo en su eficacia. Tampoco dejar\u00eda que se la apliquen a mi hijo de tres a\u00f1os\u201d. <\/p>\n\n\n\n<p>Sin embargo, Mart\u00edn Callejas, de 30 a\u00f1os, poblador de Coatepec, mencion\u00f3 que acceder\u00eda a la aplicaci\u00f3n de la vacuna, pese a que desconf\u00eda en su eficacia.<\/p>\n\n\n\n<p>Por su parte, la xalape\u00f1a Violeta Dom\u00ednguez, de 59 a\u00f1os, se\u00f1al\u00f3 que evitar\u00eda la aplicaci\u00f3n por el presunto contagio entre el personal m\u00e9dico de hospitales COVID-19, pese a que ya ha accedido a la dosis.<\/p>\n","protected":false},"excerpt":{"rendered":"<p>Juan Arcos Xalapa, Ver.- Pobladores de Xalapa y Coatepec dijeron que no se aplicar\u00edan la vacuna contra el SARS-COV-2 (COVID-19) por su presunta ineficacia y el temor a posibles da\u00f1os a la salud por efectos secundarios. En un sondeo, adultos mayores coincidieron en que esperar\u00edan a tener certeza de que el biol\u00f3gico es confiable y [&hellip;]<\/p>\n","protected":false},"author":1,"featured_media":10546,"comment_status":"open","ping_status":"open","sticky":false,"template":"","format":"standard","meta":{"_jetpack_memberships_contains_paid_content":false,"footnotes":""},"categories":[3],"tags":[],"class_list":["post-10545","post","type-post","status-publish","format-standard","has-post-thumbnail","hentry","category-xalapa"],"jetpack_featured_media_url":"https:\/\/encuentroinformativo.com.mx\/wp-content\/uploads\/2021\/01\/097C8900-B512-4002-89C0-204D2F37CC7E.jpeg","jetpack_sharing_enabled":true,"jetpack_likes_enabled":true,"amp_enabled":true,"_links":{"self":[{"href":"https:\/\/encuentroinformativo.com.mx\/index.php?rest_route=\/wp\/v2\/posts\/10545","targetHints":{"allow":["GET"]}}],"collection":[{"href":"https:\/\/encuentroinformativo.com.mx\/index.php?rest_route=\/wp\/v2\/posts"}],"about":[{"href":"https:\/\/encuentroinformativo.com.mx\/index.php?rest_route=\/wp\/v2\/types\/post"}],"author":[{"embeddable":true,"href":"https:\/\/encuentroinformativo.com.mx\/index.php?rest_route=\/wp\/v2\/users\/1"}],"replies":[{"embeddable":true,"href":"https:\/\/encuentroinformativo.com.mx\/index.php?rest_route=%2Fwp%2Fv2%2Fcomments&post=10545"}],"version-history":[{"count":1,"href":"https:\/\/encuentroinformativo.com.mx\/index.php?rest_route=\/wp\/v2\/posts\/10545\/revisions"}],"predecessor-version":[{"id":10547,"href":"https:\/\/encuentroinformativo.com.mx\/index.php?rest_route=\/wp\/v2\/posts\/10545\/revisions\/10547"}],"wp:featuredmedia":[{"embeddable":true,"href":"https:\/\/encuentroinformativo.com.mx\/index.php?rest_route=\/wp\/v2\/media\/10546"}],"wp:attachment":[{"href":"https:\/\/encuentroinformativo.com.mx\/index.php?rest_route=%2Fwp%2Fv2%2Fmedia&parent=10545"}],"wp:term":[{"taxonomy":"category","embeddable":true,"href":"https:\/\/encuentroinformativo.com.mx\/index.php?rest_route=%2Fwp%2Fv2%2Fcategories&post=10545"},{"taxonomy":"post_tag","embeddable":true,"href":"https:\/\/encuentroinformativo.com.mx\/index.php?rest_route=%2Fwp%2Fv2%2Ftags&post=10545"}],"curies":[{"name":"wp","href":"https:\/\/api.w.org\/{rel}","templated":true}]}}