{"id":10550,"date":"2021-01-28T09:31:50","date_gmt":"2021-01-28T15:31:50","guid":{"rendered":"https:\/\/encuentroinformativo.com.mx\/?p=10550"},"modified":"2021-01-28T09:31:53","modified_gmt":"2021-01-28T15:31:53","slug":"tuxpan-de-los-mancha","status":"publish","type":"post","link":"https:\/\/encuentroinformativo.com.mx\/?p=10550","title":{"rendered":"Tuxpan de los Mancha"},"content":{"rendered":"\n<p><strong>Los Pol\u00edticos<\/strong> <\/p>\n\n\n\n<p><strong>Salvador Mu\u00f1oz<\/strong><\/p>\n\n\n\n<p>\u201cYa nada m\u00e1s falta que el alcalde quiera ser diputado federal\u201d\u2026 es el sentir general de los tuxpe\u00f1os que ven c\u00f3mo su distrito, su ciudad, est\u00e1 a punto de dejar de ser \u201cde Rodr\u00edguez Cano\u201d, para pasar a ser \u201cTuxpan de los Mancha\u201d. La percepci\u00f3n no es de a grapas por el ambiente que se ha creado en torno, conforme se acercan las elecciones: tienen al alcalde Aguilar Mancha\u2026 Pepe Mancha est\u00e1 a un paso de ser el candidato del PAN por la presidencia municipal\u2026 en el Comit\u00e9 Directivo local, Juan Carlos Aguilar Mancha\u2026 y si se decide Montserrat Ortega, esposa de Pepe Mancha, podr\u00eda contender por la diputaci\u00f3n local\u2026 entre todo esto, hay buenas noticias para los tuxpe\u00f1os: si Pit\u00e1goras no falla, por una mera cuesti\u00f3n de g\u00e9nero, la candidatura por la curul federal ser\u00eda para una mujer, por lo que queda descartada la expresi\u00f3n con que se abri\u00f3 este p\u00e1rrafo\u2026 hasta este momento: \u201cYa nada m\u00e1s falta que el alcalde quiera ser diputado federal\u2026\u201d<\/p>\n\n\n\n<p>II<\/p>\n\n\n\n<p>A principios de este mes, el panismo tuxpe\u00f1o se sacudi\u00f3 cuando Paty C\u00e1novas, tras catorce a\u00f1os de militancia azul, present\u00f3 su renuncia ante el Partido\u2026 por supuesto, cuando un o una militante decide dejar a la instituci\u00f3n, no es una decisi\u00f3n solitaria\u2026 atr\u00e1s de un militante, como en este caso Paty C\u00e1novas, hay trabajo, y con \u00e9l, gente que participa en pro de sus vecinos y por qu\u00e9 no, tambi\u00e9n en pro de un proyecto de equipo\u2026<\/p>\n\n\n\n<p>La salida de C\u00e1novas fue educada, de agradecimiento a la instituci\u00f3n, al partido, pero para muchos, aunque ella no lo dijo y es seguro que ni lo dir\u00e1, hubo decepci\u00f3n, por la forma en que \u201c\u00faltimamente\u201d (as\u00ed lo pusieron) se desempe\u00f1\u00f3 el partido en el municipio\u2026 Paty hoy va en el proyecto de Alberto Silva Ramos&#8230;<\/p>\n\n\n\n<p>A m\u00ed no me consta, pero dicen que previo a C\u00e1novas, hubo otra \u201cdesPANdada\u201d motivada por una m\u00e1cula en el partido local\u2026 recuerden que m\u00e1cula es sin\u00f3nimo de Mancha\u2026 lo que s\u00ed nos consta, es que ya se dio otra salida, otra \u201cdesPANdada\u201d&#8230;<\/p>\n\n\n\n<p>Por la tarde de este mi\u00e9rcoles, Arturo Esquit\u00edn Ortiz se registr\u00f3 como precandidato por la presidencia municipal de Tuxpan y no\u2026 no por el PAN, sino por Redes Sociales Progresistas.<\/p>\n\n\n\n<p>III<\/p>\n\n\n\n<p>La decisi\u00f3n de Arturo Esquit\u00edn Ortiz, ex diputado local panista por Tuxpan, al abandonar a este instituto, fue respetuosa, hasta de agradecimiento, conste\u2026 me refiero hacia el partido, hacia los colores\u2026<\/p>\n\n\n\n<p>Alrededor de Esquit\u00edn, sus m\u00e1s allegados consideran lo que mucha militancia y hasta ciudadanos perciben: el PAN local ha ca\u00eddo en manos de una familia donde si no est\u00e1s con ellos est\u00e1s en su contra, y esto abarca ayuntamiento y partido\u2026 no creemos que alcance hasta el Congreso local\u2026 entonces, es seguro que tanto C\u00e1novas y ahora Esquit\u00edn entendieron que bajo la sombra de los Mancha, dif\u00edcilmente van a recibir una oportunidad\u2026<\/p>\n\n\n\n<p>Ahora que, si bien es cierto, el PAN tiene su voto duro, es innegable que cada candidato igual trae su arrastre\u2026 a eso apuesta Esquit\u00edn: a su persona, al trabajo que ha hecho tanto en lo pol\u00edtico como en lo social v\u00eda la Fundaci\u00f3n que encabeza\u2026 lo que haya hecho o dejado de hacer el alcalde ser\u00e1 reflejado por el tuxpe\u00f1o, que como lo dec\u00edamos ayer, habr\u00e1 que ver si apuesta a un cambio, a los conocidos, o de plano mejor vote a ya de plano quitarle a Tuxpan el \u201cde Rodr\u00edguez Cano\u201d para que se formalice el \u201cTuxpan de los Mancha\u201d.<\/p>\n\n\n\n<p><a href=\"mailto:smcainito@gmail.com\" target=\"_blank\" rel=\"noreferrer noopener\">smcainito@gmail.com<\/a><\/p>\n","protected":false},"excerpt":{"rendered":"<p>Los Pol\u00edticos Salvador Mu\u00f1oz \u201cYa nada m\u00e1s falta que el alcalde quiera ser diputado federal\u201d\u2026 es el sentir general de los tuxpe\u00f1os que ven c\u00f3mo su distrito, su ciudad, est\u00e1 a punto de dejar de ser \u201cde Rodr\u00edguez Cano\u201d, para pasar a ser \u201cTuxpan de los Mancha\u201d. La percepci\u00f3n no es de a grapas por [&hellip;]<\/p>\n","protected":false},"author":1,"featured_media":70,"comment_status":"open","ping_status":"open","sticky":false,"template":"","format":"standard","meta":{"_jetpack_memberships_contains_paid_content":false,"footnotes":""},"categories":[11],"tags":[],"class_list":["post-10550","post","type-post","status-publish","format-standard","has-post-thumbnail","hentry","category-opinion"],"jetpack_featured_media_url":"https:\/\/encuentroinformativo.com.mx\/wp-content\/uploads\/2020\/02\/opinion-invitado.jpg","jetpack_sharing_enabled":true,"jetpack_likes_enabled":true,"amp_enabled":true,"_links":{"self":[{"href":"https:\/\/encuentroinformativo.com.mx\/index.php?rest_route=\/wp\/v2\/posts\/10550","targetHints":{"allow":["GET"]}}],"collection":[{"href":"https:\/\/encuentroinformativo.com.mx\/index.php?rest_route=\/wp\/v2\/posts"}],"about":[{"href":"https:\/\/encuentroinformativo.com.mx\/index.php?rest_route=\/wp\/v2\/types\/post"}],"author":[{"embeddable":true,"href":"https:\/\/encuentroinformativo.com.mx\/index.php?rest_route=\/wp\/v2\/users\/1"}],"replies":[{"embeddable":true,"href":"https:\/\/encuentroinformativo.com.mx\/index.php?rest_route=%2Fwp%2Fv2%2Fcomments&post=10550"}],"version-history":[{"count":1,"href":"https:\/\/encuentroinformativo.com.mx\/index.php?rest_route=\/wp\/v2\/posts\/10550\/revisions"}],"predecessor-version":[{"id":10551,"href":"https:\/\/encuentroinformativo.com.mx\/index.php?rest_route=\/wp\/v2\/posts\/10550\/revisions\/10551"}],"wp:featuredmedia":[{"embeddable":true,"href":"https:\/\/encuentroinformativo.com.mx\/index.php?rest_route=\/wp\/v2\/media\/70"}],"wp:attachment":[{"href":"https:\/\/encuentroinformativo.com.mx\/index.php?rest_route=%2Fwp%2Fv2%2Fmedia&parent=10550"}],"wp:term":[{"taxonomy":"category","embeddable":true,"href":"https:\/\/encuentroinformativo.com.mx\/index.php?rest_route=%2Fwp%2Fv2%2Fcategories&post=10550"},{"taxonomy":"post_tag","embeddable":true,"href":"https:\/\/encuentroinformativo.com.mx\/index.php?rest_route=%2Fwp%2Fv2%2Ftags&post=10550"}],"curies":[{"name":"wp","href":"https:\/\/api.w.org\/{rel}","templated":true}]}}