{"id":10555,"date":"2021-01-28T12:05:46","date_gmt":"2021-01-28T18:05:46","guid":{"rendered":"https:\/\/encuentroinformativo.com.mx\/?p=10555"},"modified":"2021-01-28T12:05:48","modified_gmt":"2021-01-28T18:05:48","slug":"por-veracruz-va-concretan-alianza-pan-pri-prd","status":"publish","type":"post","link":"https:\/\/encuentroinformativo.com.mx\/?p=10555","title":{"rendered":"Por Veracruz Va, concretan alianza PAN-PRI-PRD"},"content":{"rendered":"\n<p><strong>Dar\u00edo Pale <\/strong><\/p>\n\n\n\n<p>Xalapa, Ver.- Hoy es el \u00faltimo d\u00eda para que los partidos pol\u00edticos registren sus coaliciones por lo que despu\u00e9s de varias semanas de estar dialogando y cabildeando, el Partido\u00a0Acci\u00f3n Nacional (PAN), Partido de la Revoluci\u00f3n Democr\u00e1tica (PRD) y el Partido Revolucionario Institucional (PRI) lograron un acuerdo para la alianza que busca sacar a Morena del poder en \u00e9ste 2021.<\/p>\n\n\n\n<p>Por ello, est\u00e1 tarde los representantes de las 3 instituciones pol\u00edticas entregar\u00e1n al Organismo P\u00fablico Local Electoral (OPLE) su carta intenci\u00f3n para registrar la coalici\u00f3n \u201cPor Veracruz Va\u201d.<\/p>\n\n\n\n<p>Hasta este mi\u00e9rcoles por la noche y de acuerdo a los resultados obtenidos en la \u00faltima elecci\u00f3n, la alianza PAN-PRI-PRD va en 73 municipios en la entidad, el PRI encabeza en: Coatzacoalcos, Cosoleacaque, Perote, Orizaba y Emiliano Zapata; el PRD en Acayucan, Santiago Tuxtla, Zongolica, Poza Rica y Chicontepec.<\/p>\n\n\n\n<p>Mientras que el PAN encabeza en los municipios de P\u00e1nuco, Tuxpan, Cosamaloapan, Veracruz y Minatitl\u00e1n.Respecto a los 30 distritos locales electorales, en la coalici\u00f3n el PRI encabezar\u00e1 nueve, el PRD seis, y el PAN quince.<\/p>\n\n\n\n<p>Es de recordar que la alianza estuvo a poco de ser \u00fanicamente entre dos partidos, ya que no se encontraba una negociaci\u00f3n equitativa con el PArtido Acci\u00f3n Nacional; incluso, las dirigencias nacionales tuvieron que intervenir, para que se llegara a un acuerdo.<\/p>\n\n\n\n<p>Finalmente cabe recordar que en las elecciones a celebrarse el pr\u00f3ximo 6 de junio del presente a\u00f1o, se busca renovar la C\u00e1mara Federal, el Congreso Local y las 212 alcald\u00edas que integran Veracruz.<\/p>\n","protected":false},"excerpt":{"rendered":"<p>Dar\u00edo Pale Xalapa, Ver.- Hoy es el \u00faltimo d\u00eda para que los partidos pol\u00edticos registren sus coaliciones por lo que despu\u00e9s de varias semanas de estar dialogando y cabildeando, el Partido\u00a0Acci\u00f3n Nacional (PAN), Partido de la Revoluci\u00f3n Democr\u00e1tica (PRD) y el Partido Revolucionario Institucional (PRI) lograron un acuerdo para la alianza que busca sacar a [&hellip;]<\/p>\n","protected":false},"author":1,"featured_media":4434,"comment_status":"open","ping_status":"open","sticky":false,"template":"","format":"standard","meta":{"_jetpack_memberships_contains_paid_content":false,"footnotes":""},"categories":[2],"tags":[],"class_list":["post-10555","post","type-post","status-publish","format-standard","has-post-thumbnail","hentry","category-estado"],"jetpack_featured_media_url":"https:\/\/encuentroinformativo.com.mx\/wp-content\/uploads\/2020\/07\/BB98B198-B944-4694-B695-52282F078D88.jpeg","jetpack_sharing_enabled":true,"jetpack_likes_enabled":true,"amp_enabled":true,"_links":{"self":[{"href":"https:\/\/encuentroinformativo.com.mx\/index.php?rest_route=\/wp\/v2\/posts\/10555","targetHints":{"allow":["GET"]}}],"collection":[{"href":"https:\/\/encuentroinformativo.com.mx\/index.php?rest_route=\/wp\/v2\/posts"}],"about":[{"href":"https:\/\/encuentroinformativo.com.mx\/index.php?rest_route=\/wp\/v2\/types\/post"}],"author":[{"embeddable":true,"href":"https:\/\/encuentroinformativo.com.mx\/index.php?rest_route=\/wp\/v2\/users\/1"}],"replies":[{"embeddable":true,"href":"https:\/\/encuentroinformativo.com.mx\/index.php?rest_route=%2Fwp%2Fv2%2Fcomments&post=10555"}],"version-history":[{"count":1,"href":"https:\/\/encuentroinformativo.com.mx\/index.php?rest_route=\/wp\/v2\/posts\/10555\/revisions"}],"predecessor-version":[{"id":10556,"href":"https:\/\/encuentroinformativo.com.mx\/index.php?rest_route=\/wp\/v2\/posts\/10555\/revisions\/10556"}],"wp:featuredmedia":[{"embeddable":true,"href":"https:\/\/encuentroinformativo.com.mx\/index.php?rest_route=\/wp\/v2\/media\/4434"}],"wp:attachment":[{"href":"https:\/\/encuentroinformativo.com.mx\/index.php?rest_route=%2Fwp%2Fv2%2Fmedia&parent=10555"}],"wp:term":[{"taxonomy":"category","embeddable":true,"href":"https:\/\/encuentroinformativo.com.mx\/index.php?rest_route=%2Fwp%2Fv2%2Fcategories&post=10555"},{"taxonomy":"post_tag","embeddable":true,"href":"https:\/\/encuentroinformativo.com.mx\/index.php?rest_route=%2Fwp%2Fv2%2Ftags&post=10555"}],"curies":[{"name":"wp","href":"https:\/\/api.w.org\/{rel}","templated":true}]}}