{"id":1056,"date":"2020-03-18T14:31:37","date_gmt":"2020-03-18T20:31:37","guid":{"rendered":"https:\/\/encuentroinformativo.com\/?p=1056"},"modified":"2020-03-18T14:31:39","modified_gmt":"2020-03-18T20:31:39","slug":"se-agotan-los-huevos-en-supermercados-de-coatepec","status":"publish","type":"post","link":"https:\/\/encuentroinformativo.com.mx\/?p=1056","title":{"rendered":"Se agotan los huevos en supermercados de Coatepec"},"content":{"rendered":"\n<p><strong>Juan Arcos <\/strong><\/p>\n\n\n\n<p>Coatepec, Ver.- Los conos de huevo se agotaron en centros comerciales de Coatepec por las compras de p\u00e1nico que ha originado la pandemia del coronavirus.<\/p>\n\n\n\n<p>Durante un recorrido realizado en los supermercados, se constat\u00f3 que los anaqueles estaban vac\u00edos, tanto en Chedraui como en Aurrer\u00e1.<\/p>\n\n\n\n<p>De acuerdo con Jos\u00e9 Alfredo Salgado Carmona, uno de los clientes, el personal de las tiendas informaron que no habr\u00eda dicho alimento hasta el pr\u00f3ximo viernes.<\/p>\n\n\n\n<p>\u201cSolo nos dijeron que hasta el viernes no va a haber huevo. Ayer lleg\u00f3, pero lleg\u00f3 car\u00edsimo y a\u00fan as\u00ed se agot\u00f3\u201d.<\/p>\n\n\n\n<p>El como de huevo costaba 73 pesos en la tienda Aurrer\u00e1 y 61 pesos en Chedraui.<\/p>\n\n\n\n<p>\u201cSe acab\u00f3 por lo coronavirus. Si te informas la probabilidad de muerte qu\u00e9 hay por coronavirus es del 2 por ciento, es casi nada. Est\u00e1n haciendo un alboroto por algo que ni siquiera\u201d.<\/p>\n\n\n\n<p>En Xalapa se registr\u00f3 la misma situaci\u00f3n el lunes pasado en algunas tiendas de la cadena Walmart, en Xalapa.<\/p>\n\n\n\n<p>En los supermercados de Coatepec tambi\u00e9n estaban por agotarse comida enlatada, agua embotellada, pan, cloro, pinol y otros art\u00edculos de limpieza.<\/p>\n\n\n\n<p><\/p>\n","protected":false},"excerpt":{"rendered":"<p>Juan Arcos Coatepec, Ver.- Los conos de huevo se agotaron en centros comerciales de Coatepec por las compras de p\u00e1nico que ha originado la pandemia del coronavirus. Durante un recorrido realizado en los supermercados, se constat\u00f3 que los anaqueles estaban vac\u00edos, tanto en Chedraui como en Aurrer\u00e1. De acuerdo con Jos\u00e9 Alfredo Salgado Carmona, uno [&hellip;]<\/p>\n","protected":false},"author":1,"featured_media":1057,"comment_status":"open","ping_status":"open","sticky":false,"template":"","format":"standard","meta":{"_jetpack_memberships_contains_paid_content":false,"footnotes":""},"categories":[8],"tags":[],"class_list":["post-1056","post","type-post","status-publish","format-standard","has-post-thumbnail","hentry","category-region"],"jetpack_featured_media_url":"https:\/\/encuentroinformativo.com.mx\/wp-content\/uploads\/2020\/03\/46A36052-90B3-4894-93E5-BCA85B9F5886.jpeg","jetpack_sharing_enabled":true,"jetpack_likes_enabled":true,"amp_enabled":true,"_links":{"self":[{"href":"https:\/\/encuentroinformativo.com.mx\/index.php?rest_route=\/wp\/v2\/posts\/1056","targetHints":{"allow":["GET"]}}],"collection":[{"href":"https:\/\/encuentroinformativo.com.mx\/index.php?rest_route=\/wp\/v2\/posts"}],"about":[{"href":"https:\/\/encuentroinformativo.com.mx\/index.php?rest_route=\/wp\/v2\/types\/post"}],"author":[{"embeddable":true,"href":"https:\/\/encuentroinformativo.com.mx\/index.php?rest_route=\/wp\/v2\/users\/1"}],"replies":[{"embeddable":true,"href":"https:\/\/encuentroinformativo.com.mx\/index.php?rest_route=%2Fwp%2Fv2%2Fcomments&post=1056"}],"version-history":[{"count":1,"href":"https:\/\/encuentroinformativo.com.mx\/index.php?rest_route=\/wp\/v2\/posts\/1056\/revisions"}],"predecessor-version":[{"id":1058,"href":"https:\/\/encuentroinformativo.com.mx\/index.php?rest_route=\/wp\/v2\/posts\/1056\/revisions\/1058"}],"wp:featuredmedia":[{"embeddable":true,"href":"https:\/\/encuentroinformativo.com.mx\/index.php?rest_route=\/wp\/v2\/media\/1057"}],"wp:attachment":[{"href":"https:\/\/encuentroinformativo.com.mx\/index.php?rest_route=%2Fwp%2Fv2%2Fmedia&parent=1056"}],"wp:term":[{"taxonomy":"category","embeddable":true,"href":"https:\/\/encuentroinformativo.com.mx\/index.php?rest_route=%2Fwp%2Fv2%2Fcategories&post=1056"},{"taxonomy":"post_tag","embeddable":true,"href":"https:\/\/encuentroinformativo.com.mx\/index.php?rest_route=%2Fwp%2Fv2%2Ftags&post=1056"}],"curies":[{"name":"wp","href":"https:\/\/api.w.org\/{rel}","templated":true}]}}