{"id":10566,"date":"2021-01-28T16:00:06","date_gmt":"2021-01-28T22:00:06","guid":{"rendered":"https:\/\/encuentroinformativo.com.mx\/?p=10566"},"modified":"2021-01-28T16:00:08","modified_gmt":"2021-01-28T22:00:08","slug":"continua-desercion-escolar-en-escuelas-privadas","status":"publish","type":"post","link":"https:\/\/encuentroinformativo.com.mx\/?p=10566","title":{"rendered":"Contin\u00faa deserci\u00f3n escolar en escuelas privadas"},"content":{"rendered":"\n<p><strong>Juan Arcos <\/strong><\/p>\n\n\n\n<p>Xalapa, Ver.- Las escuelas particulares del nivel educativo superior han registrado el mayor \u00edndice de deserci\u00f3n, derivado de la pandemia del SARS-COV-2 (COVID-19).<\/p>\n\n\n\n<p>De acuerdo con Carlos Luna Escudero, presidente de la Corporaci\u00f3n de Escuelas Particulares del Estado de Veracruz, se habla de un \u00edndice de deserci\u00f3n de entre 30 y 32 por ciento.<\/p>\n\n\n\n<p>Mientras que en escuelas particulares del nivel b\u00e1sico el \u00edndice de deserci\u00f3n ronda el 15 o 20 por ciento, cuando en las del nivel medio superior alcanza el 23 por ciento.<\/p>\n\n\n\n<p>El entrevistado detall\u00f3 que el desempleo durante la emergencia sanitaria ha sido el principal factor que ha originado que los alumnos abandonen las escuelas particulares.<\/p>\n\n\n\n<p>\u201cPorque obviamente la prioridad en tiempos de crisis es la alimentaci\u00f3n, el sustento de las familias y nuestros j\u00f3venes, como muchos de los sectores, no han podido continuar sus estudios\u201d.<\/p>\n\n\n\n<p>El entrevistado coment\u00f3 que tambi\u00e9n se ha registrado un rezago educativo, debido a las clases a distancia por el mal manejo de las herramientas tecnol\u00f3gicas y la falta de retroalimentaci\u00f3n entre alumnos y profesores.<\/p>\n\n\n\n<p>\u201cLa Secretar\u00eda de Educaci\u00f3n de Veracruz ha hecho un enorme esfuerzo por capacitar a sus profesores, esperemos que este \u00edndice de aprovechamiento que ha bajado se pueda recuperar a corto plazo, en escuelas particulares tambi\u00e9n se ha hecho un enorme esfuerzo por la capacitaci\u00f3n de los profesores para abatir a la brevedad este rezago\u201d.<\/p>\n\n\n\n<p>Luna Escudero a\u00f1adi\u00f3 que todos estos indicadores ponen en riesgo la estabilidad y el funcionamiento de las escuelas particulares de todos los niveles educativos.<\/p>\n","protected":false},"excerpt":{"rendered":"<p>Juan Arcos Xalapa, Ver.- Las escuelas particulares del nivel educativo superior han registrado el mayor \u00edndice de deserci\u00f3n, derivado de la pandemia del SARS-COV-2 (COVID-19). De acuerdo con Carlos Luna Escudero, presidente de la Corporaci\u00f3n de Escuelas Particulares del Estado de Veracruz, se habla de un \u00edndice de deserci\u00f3n de entre 30 y 32 por [&hellip;]<\/p>\n","protected":false},"author":1,"featured_media":10567,"comment_status":"open","ping_status":"open","sticky":false,"template":"","format":"standard","meta":{"_jetpack_memberships_contains_paid_content":false,"footnotes":""},"categories":[2],"tags":[],"class_list":["post-10566","post","type-post","status-publish","format-standard","has-post-thumbnail","hentry","category-estado"],"jetpack_featured_media_url":"https:\/\/encuentroinformativo.com.mx\/wp-content\/uploads\/2021\/01\/B7C1D681-3939-47EA-A748-AE9DD964E73D.jpeg","jetpack_sharing_enabled":true,"jetpack_likes_enabled":true,"amp_enabled":true,"_links":{"self":[{"href":"https:\/\/encuentroinformativo.com.mx\/index.php?rest_route=\/wp\/v2\/posts\/10566","targetHints":{"allow":["GET"]}}],"collection":[{"href":"https:\/\/encuentroinformativo.com.mx\/index.php?rest_route=\/wp\/v2\/posts"}],"about":[{"href":"https:\/\/encuentroinformativo.com.mx\/index.php?rest_route=\/wp\/v2\/types\/post"}],"author":[{"embeddable":true,"href":"https:\/\/encuentroinformativo.com.mx\/index.php?rest_route=\/wp\/v2\/users\/1"}],"replies":[{"embeddable":true,"href":"https:\/\/encuentroinformativo.com.mx\/index.php?rest_route=%2Fwp%2Fv2%2Fcomments&post=10566"}],"version-history":[{"count":1,"href":"https:\/\/encuentroinformativo.com.mx\/index.php?rest_route=\/wp\/v2\/posts\/10566\/revisions"}],"predecessor-version":[{"id":10568,"href":"https:\/\/encuentroinformativo.com.mx\/index.php?rest_route=\/wp\/v2\/posts\/10566\/revisions\/10568"}],"wp:featuredmedia":[{"embeddable":true,"href":"https:\/\/encuentroinformativo.com.mx\/index.php?rest_route=\/wp\/v2\/media\/10567"}],"wp:attachment":[{"href":"https:\/\/encuentroinformativo.com.mx\/index.php?rest_route=%2Fwp%2Fv2%2Fmedia&parent=10566"}],"wp:term":[{"taxonomy":"category","embeddable":true,"href":"https:\/\/encuentroinformativo.com.mx\/index.php?rest_route=%2Fwp%2Fv2%2Fcategories&post=10566"},{"taxonomy":"post_tag","embeddable":true,"href":"https:\/\/encuentroinformativo.com.mx\/index.php?rest_route=%2Fwp%2Fv2%2Ftags&post=10566"}],"curies":[{"name":"wp","href":"https:\/\/api.w.org\/{rel}","templated":true}]}}