{"id":10575,"date":"2021-01-29T09:15:53","date_gmt":"2021-01-29T15:15:53","guid":{"rendered":"https:\/\/encuentroinformativo.com.mx\/?p=10575"},"modified":"2021-01-29T08:56:34","modified_gmt":"2021-01-29T14:56:34","slug":"santiago-tuxtla-chingo-de-amor","status":"publish","type":"post","link":"https:\/\/encuentroinformativo.com.mx\/?p=10575","title":{"rendered":"Santiago Tuxtla: \u00a1Chingo de amor!"},"content":{"rendered":"\n<p><strong>Los Pol\u00edticos<\/strong><\/p>\n\n\n\n<p><strong>Salvador Mu\u00f1oz<\/strong><\/p>\n\n\n\n<p>Como en todos los distritos, Santiago Tuxtla no escapa a la efervescencia pol\u00edtica que generan las aspiraciones de quienes sue\u00f1an con verse en el Palacio de Encanto y por supuesto, tampoco a los intereses de grupo y familiares que en cada regi\u00f3n se asientan y hasta parece, generan cotos de poder, si lo queremos ver en un sentido negativo; ahora que si lo vemos del lado positivo, \u00a1pues qu\u00e9 padre que haya familias enteras que imbuidas en la pol\u00edtica, todos tengan un chingo de amor por sus ciudadanos!<\/p>\n\n\n\n<p>Este 28 de enero, iniciaron de manera oficial las precampa\u00f1as para diputaciones locales para concluir el 16 de febrero.<\/p>\n\n\n\n<p>En el PRI, entre la militancia de la zona, se recibi\u00f3 con agrado que Mauricio Carl\u00edn encabece la alianza por este distrito. El secretario de Organizaci\u00f3n del tricolor, hasta donde se sabe, es bien recordado en Carlos A. Carrillo, donde fue alcalde.<\/p>\n\n\n\n<p>La alianza hace a\u00fan m\u00e1s competitivo al precandidato y m\u00e1s cuando Carlos A. Carrillo es el \u00fanico municipio que gan\u00f3 el PRI en dicho distrito en el 2017.<\/p>\n\n\n\n<p>El hecho de que Carlos A. Carrillo sea gobernado por Francisco Molina Arrioja, primo del extinto Juan Carlos Molina Palacios, pudo haber sido en un momento, garant\u00eda de apoyo de&nbsp; no ser por un ligero detalle\u2026 el hermano del alcalde, de nombre Gonzalo, se inscribi\u00f3 el s\u00e1bado como aspirante por la presidencia municipal\u2026 \u00a1pero por Morena!<\/p>\n\n\n\n<p>\u00a1Ojo! El alcalde Paco Molina ha estado impulsando a su hermano en lo que a todas luces es para la carrera de \u201crelevos\u201d en la presidencia municipal\u2026 las diferencias con l\u00edderes ca\u00f1eros y de otros sectores, quiz\u00e1s lleven a los Molina Arrioja dar el chaquetazo con el PRI. S\u00ed, ah\u00ed aparece el sentido patrimonialista que algunos pol\u00edticos le dan al ejercicio del poder\u2026 el deseo de heredarlo.<\/p>\n\n\n\n<p>Por cierto, en los \u00faltimos d\u00edas, la presidenta del DIF municipal de Angel R. Cabada, Yazm\u00edn Copete Zapot, anduvo de la Ceca a la Meca por los municipios de este distrito que actualmente encabeza su nuera, Kristel Hern\u00e1ndez Topete.<\/p>\n\n\n\n<p>Hay quienes creen que la pretensi\u00f3n era enfilar a su hijo Argenis V\u00e1zquez como candidato a la curul local, pero el acuerdo entre los aliancistas, vino a echar por los suelos esta idea\u2026 as\u00ed las cosas, con un inminente candidato del PRI por este distrito, la opci\u00f3n es llevar a la hoy legisladora Kristel Hern\u00e1ndez Topete como candidata a la presidencia municipal. Si bien, ha sido decorosa la actividad de Kristel, de enfilarla en pos de la alcald\u00eda, la ubicar\u00eda a ser colocada en ese escenario del patrimonialismo pol\u00edtico donde todo queda en familia. \u00a1Ya nada m\u00e1s falta que Argenis, Yazm\u00edn o Hervis vaya uno de ellos como Pluri! S\u00ed, porque tambi\u00e9n habr\u00e1 que ver el juego que han de realizar Copete Zapot as\u00ed como su esposo, Arturo Hervis Reyes, alcalde de Angel R. Cabada, quien por cierto, su hijo, el tocayo de Kristel, Elvis Hervis P\u00e9rez (No entend\u00ed el porqu\u00e9 tocayos) ya se apunt\u00f3 para entrarle a la carrera de \u201crelevos\u201d&#8230; va por la alcald\u00eda. \u00a1Qu\u00e9 bonita familia!<\/p>\n\n\n\n<p>Curiosidades de este distrito\u2026 si Mauricio Carl\u00edn va como candidato por la curul de Santiago Tuxtla, podr\u00eda encontrarse con un viejo amigo y potencial rival en la figura de Vicente Luna Hern\u00e1ndez, quien va que pinta como candidato por ese distrito por el partido que encabeza Tato Vega Yunes, Fuerza x M\u00e9xico.<\/p>\n\n\n\n<p>El fin de semana pasado, creo que por el sem\u00e1foro sanitario, se suspendieron los registros en Fuerza x M\u00e9xico. Este dos de febrero, en Santiago Tuxtla, se han de integrar y tomar protesta a 10 comit\u00e9s municipales de este partido, lo que ser\u00eda el paso para que Vicente Luna Hern\u00e1ndez registre sus aspiraciones por una curul.<\/p>\n\n\n\n<p>Hace tiempo, Mauricio Carl\u00edn y Vicente Luna unieron esfuerzos para que la entonces candidata por la diputaci\u00f3n federal, Distrito de Acayucan, Regina V\u00e1zquez, llegara a San L\u00e1zaro\u2026 \u00a1y lleg\u00f3!<\/p>\n\n\n\n<p>De cierto modo, si Vicente Luna va como candidato por Fuerza por M\u00e9xico, la Revoluci\u00f3n le estar\u00eda haciendo justicia, despu\u00e9s de tantos a\u00f1os de estar buscando una oportunidad para medirse ante las urnas.<\/p>\n\n\n\n<p>Por cierto, hasta el momento, Vicente Luna y Mauricio Carl\u00edn ser\u00edan los \u00fanicos aspirantes que son ajenos a cualquier inter\u00e9s de grupo o familiar de los que sobran en este distrito, y ya nada m\u00e1s para concluir, imaginen que en Isla, gobernado por el panista Fernando Molina Landa, ya \u201cLanda\u201d por poner como candidata a la presidencia a Lupita Sosa Garc\u00eda\u2026 s\u00ed, su esposa\u2026 \u00a1vaya! Santiago Tuxtla goza de varias familias pol\u00edticas que todos, padre, madre, hijos, esposas, nueras, \u00a1le tienen un chingo de amor a sus ciudadanos!<\/p>\n\n\n\n<p><a href=\"mailto:smcainito@gmail.com\" target=\"_blank\" rel=\"noreferrer noopener\">smcainito@gmail.com<\/a><\/p>\n","protected":false},"excerpt":{"rendered":"<p>Los Pol\u00edticos Salvador Mu\u00f1oz Como en todos los distritos, Santiago Tuxtla no escapa a la efervescencia pol\u00edtica que generan las aspiraciones de quienes sue\u00f1an con verse en el Palacio de Encanto y por supuesto, tampoco a los intereses de grupo y familiares que en cada regi\u00f3n se asientan y hasta parece, generan cotos de poder, [&hellip;]<\/p>\n","protected":false},"author":1,"featured_media":70,"comment_status":"open","ping_status":"open","sticky":false,"template":"","format":"standard","meta":{"_jetpack_memberships_contains_paid_content":false,"footnotes":""},"categories":[11],"tags":[],"class_list":["post-10575","post","type-post","status-publish","format-standard","has-post-thumbnail","hentry","category-opinion"],"jetpack_featured_media_url":"https:\/\/encuentroinformativo.com.mx\/wp-content\/uploads\/2020\/02\/opinion-invitado.jpg","jetpack_sharing_enabled":true,"jetpack_likes_enabled":true,"amp_enabled":true,"_links":{"self":[{"href":"https:\/\/encuentroinformativo.com.mx\/index.php?rest_route=\/wp\/v2\/posts\/10575","targetHints":{"allow":["GET"]}}],"collection":[{"href":"https:\/\/encuentroinformativo.com.mx\/index.php?rest_route=\/wp\/v2\/posts"}],"about":[{"href":"https:\/\/encuentroinformativo.com.mx\/index.php?rest_route=\/wp\/v2\/types\/post"}],"author":[{"embeddable":true,"href":"https:\/\/encuentroinformativo.com.mx\/index.php?rest_route=\/wp\/v2\/users\/1"}],"replies":[{"embeddable":true,"href":"https:\/\/encuentroinformativo.com.mx\/index.php?rest_route=%2Fwp%2Fv2%2Fcomments&post=10575"}],"version-history":[{"count":1,"href":"https:\/\/encuentroinformativo.com.mx\/index.php?rest_route=\/wp\/v2\/posts\/10575\/revisions"}],"predecessor-version":[{"id":10576,"href":"https:\/\/encuentroinformativo.com.mx\/index.php?rest_route=\/wp\/v2\/posts\/10575\/revisions\/10576"}],"wp:featuredmedia":[{"embeddable":true,"href":"https:\/\/encuentroinformativo.com.mx\/index.php?rest_route=\/wp\/v2\/media\/70"}],"wp:attachment":[{"href":"https:\/\/encuentroinformativo.com.mx\/index.php?rest_route=%2Fwp%2Fv2%2Fmedia&parent=10575"}],"wp:term":[{"taxonomy":"category","embeddable":true,"href":"https:\/\/encuentroinformativo.com.mx\/index.php?rest_route=%2Fwp%2Fv2%2Fcategories&post=10575"},{"taxonomy":"post_tag","embeddable":true,"href":"https:\/\/encuentroinformativo.com.mx\/index.php?rest_route=%2Fwp%2Fv2%2Ftags&post=10575"}],"curies":[{"name":"wp","href":"https:\/\/api.w.org\/{rel}","templated":true}]}}