{"id":10582,"date":"2021-01-29T11:33:10","date_gmt":"2021-01-29T17:33:10","guid":{"rendered":"https:\/\/encuentroinformativo.com.mx\/?p=10582"},"modified":"2021-01-29T11:33:12","modified_gmt":"2021-01-29T17:33:12","slug":"rumbo-a-campanas-presentara-anilu-paquete-de-iniciativas","status":"publish","type":"post","link":"https:\/\/encuentroinformativo.com.mx\/?p=10582","title":{"rendered":"Rumbo a campa\u00f1as, presentar\u00e1 Anil\u00fa paquete de iniciativas"},"content":{"rendered":"\n<p><strong>Alejandro \u00c1vila<\/strong><\/p>\n\n\n\n<p>Veracruz, Ver.- La diputada federal priista, Anil\u00fa Ingram Vallines prepara un paquete de iniciativas que presentar\u00e1 el primer d\u00eda de febrero cuando inicie el \u00faltimo periodo legislativo del 2021; en ellas reforzar\u00e1 el apoyo que ha dado durante su gesti\u00f3n a las mujeres y ni\u00f1os, adem\u00e1s de los empresarios.<\/p>\n\n\n\n<p>En Veracruz, la alianza que conformar PRI \u2013 PAN \u2013 PRD denominada \u201cVeracruz Va\u201d se consolid\u00f3, y para darle poder, los legisladores de todos los partidos contin\u00faan con su trabajo desde sus trincheras.<\/p>\n\n\n\n<p>Este jueves 28 de enero, se llev\u00f3 a cabo la reuni\u00f3n plenaria del Grupo Parlamentario del PR. En dicha reuni\u00f3n efectuada de manera virtual, la veracruzana asegur\u00f3 que cuenta con iniciativas que dar\u00e1n una soluci\u00f3n de fondo con distintas iniciativas a favor de todos los sectores m\u00e1s vulnerables.<\/p>\n\n\n\n<p>\u201cNecesitamos unirnos y aliarnos todos. En este \u00faltimo periodo estar\u00e9 presentando temas a favor de la igualdad de g\u00e9nero, de la ni\u00f1ez, soluciones de fondo para mejorar nuestra econom\u00eda, es momento de dar todo por M\u00e9xico y por Veracruz\u201d, resalt\u00f3.<\/p>\n\n\n\n<p>Finalmente, Ingram Vallines enfatiz\u00f3 que el pa\u00eds se encuentra en una profunda crisis de todo tipo, resultado de un c\u00famulo de errores de este gobierno, por lo que m\u00e1s all\u00e1 de la cr\u00edtica, M\u00e9xico y Veracruz requieren que las y los diputados de todos los partidos trabajen en tiempo en forma, en serio.<\/p>\n","protected":false},"excerpt":{"rendered":"<p>Alejandro \u00c1vila Veracruz, Ver.- La diputada federal priista, Anil\u00fa Ingram Vallines prepara un paquete de iniciativas que presentar\u00e1 el primer d\u00eda de febrero cuando inicie el \u00faltimo periodo legislativo del 2021; en ellas reforzar\u00e1 el apoyo que ha dado durante su gesti\u00f3n a las mujeres y ni\u00f1os, adem\u00e1s de los empresarios. En Veracruz, la alianza [&hellip;]<\/p>\n","protected":false},"author":1,"featured_media":10583,"comment_status":"open","ping_status":"open","sticky":false,"template":"","format":"standard","meta":{"_jetpack_memberships_contains_paid_content":false,"footnotes":""},"categories":[2],"tags":[],"class_list":["post-10582","post","type-post","status-publish","format-standard","has-post-thumbnail","hentry","category-estado"],"jetpack_featured_media_url":"https:\/\/encuentroinformativo.com.mx\/wp-content\/uploads\/2021\/01\/90E81652-D102-42C9-8F96-284F80B3BB58.jpeg","jetpack_sharing_enabled":true,"jetpack_likes_enabled":true,"amp_enabled":true,"_links":{"self":[{"href":"https:\/\/encuentroinformativo.com.mx\/index.php?rest_route=\/wp\/v2\/posts\/10582","targetHints":{"allow":["GET"]}}],"collection":[{"href":"https:\/\/encuentroinformativo.com.mx\/index.php?rest_route=\/wp\/v2\/posts"}],"about":[{"href":"https:\/\/encuentroinformativo.com.mx\/index.php?rest_route=\/wp\/v2\/types\/post"}],"author":[{"embeddable":true,"href":"https:\/\/encuentroinformativo.com.mx\/index.php?rest_route=\/wp\/v2\/users\/1"}],"replies":[{"embeddable":true,"href":"https:\/\/encuentroinformativo.com.mx\/index.php?rest_route=%2Fwp%2Fv2%2Fcomments&post=10582"}],"version-history":[{"count":1,"href":"https:\/\/encuentroinformativo.com.mx\/index.php?rest_route=\/wp\/v2\/posts\/10582\/revisions"}],"predecessor-version":[{"id":10584,"href":"https:\/\/encuentroinformativo.com.mx\/index.php?rest_route=\/wp\/v2\/posts\/10582\/revisions\/10584"}],"wp:featuredmedia":[{"embeddable":true,"href":"https:\/\/encuentroinformativo.com.mx\/index.php?rest_route=\/wp\/v2\/media\/10583"}],"wp:attachment":[{"href":"https:\/\/encuentroinformativo.com.mx\/index.php?rest_route=%2Fwp%2Fv2%2Fmedia&parent=10582"}],"wp:term":[{"taxonomy":"category","embeddable":true,"href":"https:\/\/encuentroinformativo.com.mx\/index.php?rest_route=%2Fwp%2Fv2%2Fcategories&post=10582"},{"taxonomy":"post_tag","embeddable":true,"href":"https:\/\/encuentroinformativo.com.mx\/index.php?rest_route=%2Fwp%2Fv2%2Ftags&post=10582"}],"curies":[{"name":"wp","href":"https:\/\/api.w.org\/{rel}","templated":true}]}}