{"id":1059,"date":"2020-03-18T15:39:16","date_gmt":"2020-03-18T21:39:16","guid":{"rendered":"https:\/\/encuentroinformativo.com\/?p=1059"},"modified":"2020-03-18T15:39:17","modified_gmt":"2020-03-18T21:39:17","slug":"emite-comision-de-transparencia-lista-de-aspirantes-a-comisionado-del-ivai","status":"publish","type":"post","link":"https:\/\/encuentroinformativo.com.mx\/?p=1059","title":{"rendered":"Emite Comisi\u00f3n de Transparencia lista de aspirantes a Comisionado del IVAI"},"content":{"rendered":"\n<p><strong>*Funcionarios del Gobierno del Estado figuran entre los aspirantes.<\/strong><\/p>\n\n\n\n<p>Xalapa, Ver.- La Comisi\u00f3n Permanente de Transparencia, Acceso a la Informaci\u00f3n y Parlamento Abierto dio a conocer la lista de aspirantes al cargo de Comisionado que integrar\u00e1 el Pleno del Instituto Veracruzano de Acceso a la Informaci\u00f3n y Protecci\u00f3n de Datos Personales (IVAI) y el calendario de entrevistas a realizarse con las y los 22 ciudadanas y ciudadanos que cumplieron con todos los requisitos detallados en la Convocatoria emitida por esta Soberan\u00eda el pasado 5 de marzo.<\/p>\n\n\n\n<p>En sesi\u00f3n de trabajo, el diputado Henri Christophe G\u00f3mez S\u00e1nchez y las diputadas Mar\u00eda Graciela Hern\u00e1ndez I\u00f1iguez y Adriana Paola Linares Capitanachi, presidente, secretaria y vocal respectivamente de esta Comisi\u00f3n, acordaron aprobar el calendario de entrevistas para las y los aspirantes, la metodolog\u00eda y el formato de las entrevistas, la difusi\u00f3n de la informaci\u00f3n en la p\u00e1gina web del Congreso y llevar a cabo una sesi\u00f3n al t\u00e9rmino de las entrevistas para la emisi\u00f3n del Informe que deber\u00e1 rendirse a la Junta de Coordinaci\u00f3n Pol\u00edtica (Jucopo).<\/p>\n\n\n\n<p>Establecieron que, una vez concluida la etapa de recepci\u00f3n de los documentos y seg\u00fan lo acordado por esta instancia dictaminadora, las entrevistas se realizar\u00e1n este viernes 20 de marzo de 2020, de 10:00 a 15:25 horas, en la Sala Venustiano Carranza del Palacio Legislativo; cada una tendr\u00e1 una duraci\u00f3n de 10 minutos por aspirante y ser\u00e1n transmitidas en vivo en la p\u00e1gina web del Congreso: www.legisver.gob.mx.<\/p>\n\n\n\n<p>La misma Comisi\u00f3n inform\u00f3 haber recibido un total de 22 expedientes de igual n\u00famero de aspirantes que respondieron a la Convocatoria. El d\u00eda 17 de este mes, sus integrantes llevaron a cabo la revisi\u00f3n exhaustiva de cada expediente y, a juicio de dicha instancia, las y los 22 aspirantes cumplieron a cabalidad con los requisitos establecidos en la Constituci\u00f3n Pol\u00edtica local y la Base Cuarta de la Convocatoria.<\/p>\n\n\n\n<p>Las y los aspirantes que deber\u00e1n presentarse a entrevista son: Ana Mar\u00eda Aguilar Hern\u00e1ndez, Eunice Caldelas Alc\u00e1ntara, Janett Ch\u00e1vez Rosales, Olga Jacqueline Lozano Gallegos, Natalia Paulina Mart\u00ednez Griego, Beatriz M\u00e9ndez Basulto, Jos\u00e9 Guadalupe Altamirano Castro, Irma Rodr\u00edguez \u00c1ngel, Hugo Santiago Blanco Le\u00f3n y Virgen Mar\u00eda Guadalupe Bouret Flores.<\/p>\n\n\n\n<p>Del mismo modo, las y los ciudadanos Roc\u00edo Luna Garc\u00eda, Christian Trejo y Cruz, Cinthya Nimbe Gonz\u00e1lez Arriaga, Jos\u00e9 Manuel Rodr\u00edguez Melgarejo, Naldy Patricia Rodr\u00edguez Lagunes, Liliana L\u00f3pez Coronado, Ileana Junue Maga\u00f1a Cabrera, Elizabeth Ramzahuer Villa, Gloria Yanet Teresa Vel\u00e1zquez Vallejo, Emilio Ortiz Medina, Ana Josefina Bello Jim\u00e9nez y Jorge Guillermo P\u00e9rez Alarc\u00f3n.<\/p>\n\n\n\n<p>Una vez concluida esta etapa, con apoyo en el informe de dicha Comisi\u00f3n y en las propuestas efectuadas por los grupos legislativos, la Jucopo formular\u00e1 un proyecto de punto de acuerdo en el que se propondr\u00e1 el nombramiento de la persona que como Comisionada o Comisionado integrar\u00e1 el Pleno del IVAI.<\/p>\n\n\n\n<h1 class=\"wp-block-heading\"><\/h1>\n","protected":false},"excerpt":{"rendered":"<p>*Funcionarios del Gobierno del Estado figuran entre los aspirantes. Xalapa, Ver.- La Comisi\u00f3n Permanente de Transparencia, Acceso a la Informaci\u00f3n y Parlamento Abierto dio a conocer la lista de aspirantes al cargo de Comisionado que integrar\u00e1 el Pleno del Instituto Veracruzano de Acceso a la Informaci\u00f3n y Protecci\u00f3n de Datos Personales (IVAI) y el calendario [&hellip;]<\/p>\n","protected":false},"author":1,"featured_media":1060,"comment_status":"open","ping_status":"open","sticky":false,"template":"","format":"standard","meta":{"_jetpack_memberships_contains_paid_content":false,"footnotes":""},"categories":[2],"tags":[],"class_list":["post-1059","post","type-post","status-publish","format-standard","has-post-thumbnail","hentry","category-estado"],"jetpack_featured_media_url":"https:\/\/encuentroinformativo.com.mx\/wp-content\/uploads\/2020\/03\/C239043E-E50A-41F3-AFF6-D6457DB0078E.jpeg","jetpack_sharing_enabled":true,"jetpack_likes_enabled":true,"amp_enabled":true,"_links":{"self":[{"href":"https:\/\/encuentroinformativo.com.mx\/index.php?rest_route=\/wp\/v2\/posts\/1059","targetHints":{"allow":["GET"]}}],"collection":[{"href":"https:\/\/encuentroinformativo.com.mx\/index.php?rest_route=\/wp\/v2\/posts"}],"about":[{"href":"https:\/\/encuentroinformativo.com.mx\/index.php?rest_route=\/wp\/v2\/types\/post"}],"author":[{"embeddable":true,"href":"https:\/\/encuentroinformativo.com.mx\/index.php?rest_route=\/wp\/v2\/users\/1"}],"replies":[{"embeddable":true,"href":"https:\/\/encuentroinformativo.com.mx\/index.php?rest_route=%2Fwp%2Fv2%2Fcomments&post=1059"}],"version-history":[{"count":1,"href":"https:\/\/encuentroinformativo.com.mx\/index.php?rest_route=\/wp\/v2\/posts\/1059\/revisions"}],"predecessor-version":[{"id":1061,"href":"https:\/\/encuentroinformativo.com.mx\/index.php?rest_route=\/wp\/v2\/posts\/1059\/revisions\/1061"}],"wp:featuredmedia":[{"embeddable":true,"href":"https:\/\/encuentroinformativo.com.mx\/index.php?rest_route=\/wp\/v2\/media\/1060"}],"wp:attachment":[{"href":"https:\/\/encuentroinformativo.com.mx\/index.php?rest_route=%2Fwp%2Fv2%2Fmedia&parent=1059"}],"wp:term":[{"taxonomy":"category","embeddable":true,"href":"https:\/\/encuentroinformativo.com.mx\/index.php?rest_route=%2Fwp%2Fv2%2Fcategories&post=1059"},{"taxonomy":"post_tag","embeddable":true,"href":"https:\/\/encuentroinformativo.com.mx\/index.php?rest_route=%2Fwp%2Fv2%2Ftags&post=1059"}],"curies":[{"name":"wp","href":"https:\/\/api.w.org\/{rel}","templated":true}]}}