{"id":10595,"date":"2021-01-29T13:53:36","date_gmt":"2021-01-29T19:53:36","guid":{"rendered":"https:\/\/encuentroinformativo.com.mx\/?p=10595"},"modified":"2021-01-29T13:53:39","modified_gmt":"2021-01-29T19:53:39","slug":"desconoce-gonzalo-vicencio-presunta-alianza-de-morena","status":"publish","type":"post","link":"https:\/\/encuentroinformativo.com.mx\/?p=10595","title":{"rendered":"Desconoce Gonzalo Vicencio presunta alianza de Morena"},"content":{"rendered":"\n<p><strong>Dar\u00edo Pale <\/strong><\/p>\n\n\n\n<p>Xalapa, Ver.- En los \u00faltimos minutos de ayer y los primeros de hoy,\u00a0Gonzalo Vicencio Flores, quien se asume como secretario general con funciones de presidente de Morena en Veracruz, interpuso una apelaci\u00f3n a la intenci\u00f3n de coalici\u00f3n que presentaron ante el OPLE los representantes de los partidos Verde Ecologista, Morena y PT.<\/p>\n\n\n\n<p>En entrevista, desconoci\u00f3 la coalici\u00f3n y afirm\u00f3 que quienes traicionan al partido tendr\u00e1n que enfrentar a la Comisi\u00f3n de Honestidad y Justicia, por lo que se\u00a0pronunci\u00f3 en contra de &#8220;entregarle&#8221; el Morena a los otros dos partidos pol\u00edticos, dada la cantidad de candidaturas y d\u00f3nde encabezar\u00edan.<\/p>\n\n\n\n<p>Gonzalo Vicencio se\u00f1al\u00f3 que debido a su inconformidad los intimidaron a trav\u00e9s de elementos policiacos, afuera del OPLE, pero tambi\u00e9n fuera de las oficinas, ubicadas en la calle Sim\u00f3n Bol\u00edvar,\u00a0&#8220;no sabemos qu\u00e9 est\u00e1 pasando, nos mandan a intimidar, nos mandan patrullas y no lo digo yo, aqu\u00ed est\u00e1n los delegados&#8221;, indic\u00f3.<\/p>\n\n\n\n<p>De acuerdo con lo que inform\u00f3 Esteban Ram\u00edrez Zepeta, la alianza con el Verde y el PT ser\u00e1 parcial, aunque aclar\u00f3 que todav\u00eda no est\u00e1 definido el n\u00famero de municipios ni distritos.<\/p>\n\n\n\n<p>Finalmente cabe recordar que este jueves los dirigentes del Partido Verde, Marcelo Ruiz S\u00e1nchez, junto con el comisionado estatal del PT, Vicente Aguilar llegaron al Organismo P\u00fablico Local Electoral acompa\u00f1ados de Esteban Ram\u00edrez Zepeta, quien se present\u00f3 como secretario general de Morena, mandado por la dirigencia nacional del instituto pol\u00edtico; presentaron ante el \u00f3rgano electoral la solicitud para conformar la coalici\u00f3n &#8220;Juntos haremos historia&#8221;.<\/p>\n","protected":false},"excerpt":{"rendered":"<p>Dar\u00edo Pale Xalapa, Ver.- En los \u00faltimos minutos de ayer y los primeros de hoy,\u00a0Gonzalo Vicencio Flores, quien se asume como secretario general con funciones de presidente de Morena en Veracruz, interpuso una apelaci\u00f3n a la intenci\u00f3n de coalici\u00f3n que presentaron ante el OPLE los representantes de los partidos Verde Ecologista, Morena y PT. En [&hellip;]<\/p>\n","protected":false},"author":1,"featured_media":10596,"comment_status":"open","ping_status":"open","sticky":false,"template":"","format":"standard","meta":{"_jetpack_memberships_contains_paid_content":false,"footnotes":""},"categories":[2],"tags":[],"class_list":["post-10595","post","type-post","status-publish","format-standard","has-post-thumbnail","hentry","category-estado"],"jetpack_featured_media_url":"https:\/\/encuentroinformativo.com.mx\/wp-content\/uploads\/2021\/01\/B39B0FC9-2030-4F98-BE9A-0D775066C65E.jpeg","jetpack_sharing_enabled":true,"jetpack_likes_enabled":true,"amp_enabled":true,"_links":{"self":[{"href":"https:\/\/encuentroinformativo.com.mx\/index.php?rest_route=\/wp\/v2\/posts\/10595","targetHints":{"allow":["GET"]}}],"collection":[{"href":"https:\/\/encuentroinformativo.com.mx\/index.php?rest_route=\/wp\/v2\/posts"}],"about":[{"href":"https:\/\/encuentroinformativo.com.mx\/index.php?rest_route=\/wp\/v2\/types\/post"}],"author":[{"embeddable":true,"href":"https:\/\/encuentroinformativo.com.mx\/index.php?rest_route=\/wp\/v2\/users\/1"}],"replies":[{"embeddable":true,"href":"https:\/\/encuentroinformativo.com.mx\/index.php?rest_route=%2Fwp%2Fv2%2Fcomments&post=10595"}],"version-history":[{"count":1,"href":"https:\/\/encuentroinformativo.com.mx\/index.php?rest_route=\/wp\/v2\/posts\/10595\/revisions"}],"predecessor-version":[{"id":10597,"href":"https:\/\/encuentroinformativo.com.mx\/index.php?rest_route=\/wp\/v2\/posts\/10595\/revisions\/10597"}],"wp:featuredmedia":[{"embeddable":true,"href":"https:\/\/encuentroinformativo.com.mx\/index.php?rest_route=\/wp\/v2\/media\/10596"}],"wp:attachment":[{"href":"https:\/\/encuentroinformativo.com.mx\/index.php?rest_route=%2Fwp%2Fv2%2Fmedia&parent=10595"}],"wp:term":[{"taxonomy":"category","embeddable":true,"href":"https:\/\/encuentroinformativo.com.mx\/index.php?rest_route=%2Fwp%2Fv2%2Fcategories&post=10595"},{"taxonomy":"post_tag","embeddable":true,"href":"https:\/\/encuentroinformativo.com.mx\/index.php?rest_route=%2Fwp%2Fv2%2Ftags&post=10595"}],"curies":[{"name":"wp","href":"https:\/\/api.w.org\/{rel}","templated":true}]}}