{"id":10601,"date":"2021-01-29T16:04:22","date_gmt":"2021-01-29T22:04:22","guid":{"rendered":"https:\/\/encuentroinformativo.com.mx\/?p=10601"},"modified":"2021-01-29T16:04:25","modified_gmt":"2021-01-29T22:04:25","slug":"morena-esta-en-el-limbo-reconocen-militantes","status":"publish","type":"post","link":"https:\/\/encuentroinformativo.com.mx\/?p=10601","title":{"rendered":"Morena est\u00e1 en el limbo, reconocen militantes"},"content":{"rendered":"\n<p><strong>Dar\u00edo Pale <\/strong><\/p>\n\n\n\n<p>Xalapa, Ver.- Ram\u00f3n Pino M\u00e9ndez, integrante de la brigada Benito Ju\u00e1rez y fundador de Morena,\u00a0 asegur\u00f3 que el OPLE tendr\u00e1 que mostrar el documento en el cual se bas\u00f3 para recibir la solicitud de registro de la coalici\u00f3n, ya que quienes\u00a0est\u00e1n de parte de Gonzalo Vicencio Flores, desconocen la alianza con el Partido Verde y el Partido del Trabajo, luego de que la noche de este jueves se presentaran ante el OPLE, porque la firmaron personas que no est\u00e1n autorizadas.<\/p>\n\n\n\n<p>En conferencia de prensa realizada en conocido caf\u00e9 del centro de Xalapa, dio a conocer que en el caso de que el \u00f3rgano electoral muestre el documento en donde nombran a Esteban Ram\u00edrez Zepeta como representante oficial del Partido para firmar la coalici\u00f3n, respondi\u00f3 que no podr\u00e1n hacer nada, porque no es el procedimiento legal, ellos quieren la notificaci\u00f3n que manda el Comit\u00e9 Nacional al Estatal.<\/p>\n\n\n\n<p>Fue ah\u00ed donde llam\u00f3 a Mario Delgado para que defina la situaci\u00f3n de Veracruz porque no pueden estar en el limbo, porque la indefinici\u00f3n causa atrasos en el proceso electoral.<\/p>\n\n\n\n<p>Por su parte, Adan Rivera Gal\u00e1n, coordinador de la brigada Benito Ju\u00e1rez en Xalapa del partido Morena, sostiene que el pleito entre Gonzalo Vicencio Flores y Ram\u00edrez Zepeta viene de &#8220;fuera&#8221; de Morena, porque ellos est\u00e1n unidos.<\/p>\n\n\n\n<p>&#8220;Las cosas vienen de fuera de Morena, en Morena estamos unidos&#8230; (Ram\u00edrez Zepeta) es militante, no lo vamos a negar, pero desconocemos el cargo. No se le reconoce ning\u00fan cargo, no es delegado, no es presidente en funciones, no es lo que dicen algunos medios&#8221;, se\u00f1al\u00f3.<\/p>\n\n\n\n<p>No descart\u00f3 que les vayan a tomar la sede del instituto pol\u00edtico la otra corriente que encabeza Esteban Ram\u00edrez Zepeta, pero neg\u00f3 que en este momento ellos tengan tomado el Partido, s\u00f3lo est\u00e1n haciendo &#8220;presencia&#8221;.<\/p>\n\n\n\n<p>Dio a conocer que tras los hechos registrados la noche de este jueves cuando acudi\u00f3 Ram\u00edrez Zepeta en representaci\u00f3n de Morena a registrar la coalici\u00f3n con el Verde y PT; asegur\u00f3 que no presentaron ning\u00fan documento que avale que fue mandado por el dirigente nacional Mario Delgado.<\/p>\n\n\n\n<p>&#8220;La persona que se ostent\u00f3 como representante de Morena no tiene un nombramiento oficial ni del CEN ni del Estatal. La v\u00eda id\u00f3nea es la estatal, ah\u00ed llega la notificaci\u00f3n y de ah\u00ed da el nombramiento anos persona que va a ir representando a Morena y eso no ha habido&#8221;, asegur\u00f3.<\/p>\n\n\n\n<p>Desconoci\u00f3 la solicitud hecha ante el OPLE para conformar la coalici\u00f3n &#8220;Juntos Haremos historia&#8221;, por lo que insisti\u00f3 en que el presidente en funciones de Morena en Veracruz es Gonzalo Vicencio Flores con base en el nombramiento que el OPLE le dio el 2 de noviembre y la ratificaci\u00f3n que hizo el INE el 26 de noviembre.<\/p>\n\n\n\n<p>Indic\u00f3 que anoche se entreg\u00f3 un documento ante el \u00f3rgano electoral donde se desconocen los acuerdos que se tuvieron, donde desconocen a Ram\u00edrez Zepeta, asimismo, indic\u00f3 que solicitaron el documento que presentaron para representar a Morena, por lo que el OPLE tiene que responder a la brevedad.<\/p>\n\n\n\n<p>&#8220;Morena est\u00e1 unido, tenemos el calor de los 212 municipios, de representantes que se est\u00e1n manifestando en contra de este tipo de acciones que no deber\u00edan de existir, nosotros conminamos a estos actores a que bajen ese sentimiento, porque las elecciones ser\u00e1n hasta despu\u00e9s de pasado el proceso electoral, en el mes de junio. Despu\u00e9s de eso el nacional pondr\u00e1 fechas para decir en tales fechas se realizar\u00e1 el cambio de dirigencia en Veracruz&#8221;, finaliz\u00f3.<\/p>\n","protected":false},"excerpt":{"rendered":"<p>Dar\u00edo Pale Xalapa, Ver.- Ram\u00f3n Pino M\u00e9ndez, integrante de la brigada Benito Ju\u00e1rez y fundador de Morena,\u00a0 asegur\u00f3 que el OPLE tendr\u00e1 que mostrar el documento en el cual se bas\u00f3 para recibir la solicitud de registro de la coalici\u00f3n, ya que quienes\u00a0est\u00e1n de parte de Gonzalo Vicencio Flores, desconocen la alianza con el Partido [&hellip;]<\/p>\n","protected":false},"author":1,"featured_media":10602,"comment_status":"open","ping_status":"open","sticky":false,"template":"","format":"standard","meta":{"_jetpack_memberships_contains_paid_content":false,"footnotes":""},"categories":[3],"tags":[],"class_list":["post-10601","post","type-post","status-publish","format-standard","has-post-thumbnail","hentry","category-xalapa"],"jetpack_featured_media_url":"https:\/\/encuentroinformativo.com.mx\/wp-content\/uploads\/2021\/01\/80E6F385-D909-4F2E-A23F-078B56A1F440.jpeg","jetpack_sharing_enabled":true,"jetpack_likes_enabled":true,"amp_enabled":true,"_links":{"self":[{"href":"https:\/\/encuentroinformativo.com.mx\/index.php?rest_route=\/wp\/v2\/posts\/10601","targetHints":{"allow":["GET"]}}],"collection":[{"href":"https:\/\/encuentroinformativo.com.mx\/index.php?rest_route=\/wp\/v2\/posts"}],"about":[{"href":"https:\/\/encuentroinformativo.com.mx\/index.php?rest_route=\/wp\/v2\/types\/post"}],"author":[{"embeddable":true,"href":"https:\/\/encuentroinformativo.com.mx\/index.php?rest_route=\/wp\/v2\/users\/1"}],"replies":[{"embeddable":true,"href":"https:\/\/encuentroinformativo.com.mx\/index.php?rest_route=%2Fwp%2Fv2%2Fcomments&post=10601"}],"version-history":[{"count":1,"href":"https:\/\/encuentroinformativo.com.mx\/index.php?rest_route=\/wp\/v2\/posts\/10601\/revisions"}],"predecessor-version":[{"id":10603,"href":"https:\/\/encuentroinformativo.com.mx\/index.php?rest_route=\/wp\/v2\/posts\/10601\/revisions\/10603"}],"wp:featuredmedia":[{"embeddable":true,"href":"https:\/\/encuentroinformativo.com.mx\/index.php?rest_route=\/wp\/v2\/media\/10602"}],"wp:attachment":[{"href":"https:\/\/encuentroinformativo.com.mx\/index.php?rest_route=%2Fwp%2Fv2%2Fmedia&parent=10601"}],"wp:term":[{"taxonomy":"category","embeddable":true,"href":"https:\/\/encuentroinformativo.com.mx\/index.php?rest_route=%2Fwp%2Fv2%2Fcategories&post=10601"},{"taxonomy":"post_tag","embeddable":true,"href":"https:\/\/encuentroinformativo.com.mx\/index.php?rest_route=%2Fwp%2Fv2%2Ftags&post=10601"}],"curies":[{"name":"wp","href":"https:\/\/api.w.org\/{rel}","templated":true}]}}