{"id":10604,"date":"2021-01-29T16:20:33","date_gmt":"2021-01-29T22:20:33","guid":{"rendered":"https:\/\/encuentroinformativo.com.mx\/?p=10604"},"modified":"2021-01-29T16:21:05","modified_gmt":"2021-01-29T22:21:05","slug":"rechazan-productores-posible-incremento-al-precio-de-la-tortilla","status":"publish","type":"post","link":"https:\/\/encuentroinformativo.com.mx\/?p=10604","title":{"rendered":"Rechazan productores  posible incremento al precio de la tortilla"},"content":{"rendered":"\n<p><strong>Juan Arcos <\/strong><\/p>\n\n\n\n<p>Xalapa, Ver.- El presidente de Productores de Ma\u00edz en Veracruz, Ram\u00f3n Pino M\u00e9ndez, se pronunci\u00f3 en contra del posible incremento en el precio de la tortilla y la masa en la entidad.<\/p>\n\n\n\n<p>El entrevistado explic\u00f3 que dicha situaci\u00f3n no deber\u00eda presentarse, toda vez que el rendimiento del grano en masa es del 60 por ciento adicional.<\/p>\n\n\n\n<p>\u201cMe refiero que un kilo de ma\u00edz en masa debe andar dando hasta un kilo 600 gramos de masa. Me parece bastante indebido que incremente el kilo de tortilla, tan alto. Creo que deber\u00eda de andar entre los 10 y 11 pesos\u201d, expres\u00f3.<\/p>\n\n\n\n<p>Adem\u00e1s, asegur\u00f3 que los costos del ma\u00edz no han aumentado en el estado, pues su valor comercial es de 4 pesos con 40 centavos.<\/p>\n\n\n\n<p>Pino M\u00e9ndez mencion\u00f3 que Seguridad Alimentaria Mexicana (Segalmex) lo adquiere en 5 mil 610 pesos por tonelada.<\/p>\n\n\n\n<p>El Presidente de Productores de Ma\u00edz indic\u00f3 que la mayor producci\u00f3n se registraron durante oto\u00f1o e invierno en la regi\u00f3n del Sotavento, en municipios como Isla, San Juan Evangelista, Rodr\u00edguez Clara, Playa Vicente, Azueta y Acayucan.<\/p>\n\n\n\n<p>\u201cEs donde hay una superficie sembrada mucho mayor y all\u00ed es b\u00e1sicamente porque los r\u00edos dejan materia org\u00e1nica y son favorables para la cosecha\u201d.<\/p>\n\n\n\n<p>Refiri\u00f3 que en esta entidad los precios m\u00e1s altos por el kilogramo de tortilla se reportan en las zonas norte y sur, donde el alimento asciende a los 18 pesos.<\/p>\n\n\n\n<p>Cabe recordar que recientemente presidente de la Uni\u00f3n de Molineros en la zona conurbada Veracruz-Boca del R\u00edo, Zen\u00f3n Uscanga Jim\u00e9nez, indic\u00f3 que a partir del d\u00eda 1 de febrero subir\u00eda entre un peso con 50 centavos o dos pesos en dicha regi\u00f3n por el incremento en los costos del combustible.<\/p>\n\n\n\n<p>Por lo anterior, se prev\u00e9 que el kilogramo de tortilla alcance los 21 pesos en la entidad veracruzana.<\/p>\n","protected":false},"excerpt":{"rendered":"<p>Juan Arcos Xalapa, Ver.- El presidente de Productores de Ma\u00edz en Veracruz, Ram\u00f3n Pino M\u00e9ndez, se pronunci\u00f3 en contra del posible incremento en el precio de la tortilla y la masa en la entidad. El entrevistado explic\u00f3 que dicha situaci\u00f3n no deber\u00eda presentarse, toda vez que el rendimiento del grano en masa es del 60 [&hellip;]<\/p>\n","protected":false},"author":1,"featured_media":10605,"comment_status":"open","ping_status":"open","sticky":false,"template":"","format":"standard","meta":{"_jetpack_memberships_contains_paid_content":false,"footnotes":""},"categories":[3],"tags":[],"class_list":["post-10604","post","type-post","status-publish","format-standard","has-post-thumbnail","hentry","category-xalapa"],"jetpack_featured_media_url":"https:\/\/encuentroinformativo.com.mx\/wp-content\/uploads\/2021\/01\/408B87ED-ABC2-4BCF-BE9D-B01FC9BD551B.jpeg","jetpack_sharing_enabled":true,"jetpack_likes_enabled":true,"amp_enabled":true,"_links":{"self":[{"href":"https:\/\/encuentroinformativo.com.mx\/index.php?rest_route=\/wp\/v2\/posts\/10604","targetHints":{"allow":["GET"]}}],"collection":[{"href":"https:\/\/encuentroinformativo.com.mx\/index.php?rest_route=\/wp\/v2\/posts"}],"about":[{"href":"https:\/\/encuentroinformativo.com.mx\/index.php?rest_route=\/wp\/v2\/types\/post"}],"author":[{"embeddable":true,"href":"https:\/\/encuentroinformativo.com.mx\/index.php?rest_route=\/wp\/v2\/users\/1"}],"replies":[{"embeddable":true,"href":"https:\/\/encuentroinformativo.com.mx\/index.php?rest_route=%2Fwp%2Fv2%2Fcomments&post=10604"}],"version-history":[{"count":1,"href":"https:\/\/encuentroinformativo.com.mx\/index.php?rest_route=\/wp\/v2\/posts\/10604\/revisions"}],"predecessor-version":[{"id":10606,"href":"https:\/\/encuentroinformativo.com.mx\/index.php?rest_route=\/wp\/v2\/posts\/10604\/revisions\/10606"}],"wp:featuredmedia":[{"embeddable":true,"href":"https:\/\/encuentroinformativo.com.mx\/index.php?rest_route=\/wp\/v2\/media\/10605"}],"wp:attachment":[{"href":"https:\/\/encuentroinformativo.com.mx\/index.php?rest_route=%2Fwp%2Fv2%2Fmedia&parent=10604"}],"wp:term":[{"taxonomy":"category","embeddable":true,"href":"https:\/\/encuentroinformativo.com.mx\/index.php?rest_route=%2Fwp%2Fv2%2Fcategories&post=10604"},{"taxonomy":"post_tag","embeddable":true,"href":"https:\/\/encuentroinformativo.com.mx\/index.php?rest_route=%2Fwp%2Fv2%2Ftags&post=10604"}],"curies":[{"name":"wp","href":"https:\/\/api.w.org\/{rel}","templated":true}]}}