{"id":1062,"date":"2020-03-18T15:47:57","date_gmt":"2020-03-18T21:47:57","guid":{"rendered":"https:\/\/encuentroinformativo.com\/?p=1062"},"modified":"2020-03-18T15:48:00","modified_gmt":"2020-03-18T21:48:00","slug":"adelantaran-pagos-de-programas-sociales","status":"publish","type":"post","link":"https:\/\/encuentroinformativo.com.mx\/?p=1062","title":{"rendered":"Adelantar\u00e1n pagos de programas sociales"},"content":{"rendered":"\n<p>Xalapa, Ver.- El delegado federal de la Secretar\u00eda de Bienestar, Manuel Huerta Ladr\u00f3n de Guevara, inform\u00f3, que adelantar\u00e1n el pago de dos bimestres de los programas sociales entregar\u00e1n dos dep\u00f3sitos juntos en la siguiente semana ante las medidas preventivas de salud.<\/p>\n\n\n\n<p>En rueda de prensa en el palacio de gobierno junto al gobernador de Veracruz, Cuitl\u00e1huac Garc\u00eda Jim\u00e9nez, inform\u00f3 que los sectores de alta marginalidad, edad, factor de vulnerabilidad y las medidas preventivas ser\u00e1n prioritarios al atender a los beneficiarios de programas sociales.<\/p>\n\n\n\n<p>\u201cEl gobierno federal tiene como lineamiento fundamental primero los pobres mantener todos los programas sociales como de alta prioridad para enfrentar esta contingencia\u201d, se\u00f1al\u00f3 en su intervenci\u00f3n.<\/p>\n\n\n\n<p>La delegaci\u00f3n federal pagar\u00e1 el bimestre de marzo-abril y mayo-junio adelantado en el programa de Adultos Mayores, a partir de la siguiente semana cuando realizar\u00e1n los operativos en cada comunidad para dispersar los recursos de la pensi\u00f3n universal.<\/p>\n\n\n\n<p>En Veracruz m\u00e1s de 600 mil adultos mayores reciben una pensi\u00f3n universal mediante el pago bancario en tarjetas de d\u00e9bito y el resto en 20 mil comunidades de Veracruz, unas 600 mil personas reciben un pago asistido directo en mesas instaladas junto a 50 instituciones p\u00fablicas.<\/p>\n\n\n\n<p>Al concluir el operativo de Adultos Mayores dispersar\u00e1n los recursos a los dem\u00e1s programas como la Beca Benito Ju\u00e1rez con 3 mil 282 escuelas a culminar el 20 de marzo con la suspensi\u00f3n de clases.<\/p>\n\n\n\n<p>El delegado federal se\u00f1al\u00f3 que ante las medidas de la etapa de mitigaci\u00f3n del Coronavirus (COVID-19) obliga a tener mesas de atenci\u00f3n al p\u00fablico con menos de 500 personas y protocolos de cuidado operativo.<\/p>\n\n\n\n<p>Adem\u00e1s de reducir el n\u00famero de personas reunidas en sedes al realizar los operativos deber\u00e1n contemplar los funcionarios, aspectos preventivos de salud, filtros entre las medidas de salubridad, contenci\u00f3n y mitigaci\u00f3n del programa federal sin suspender los programas sociales.<br>                                        <\/p>\n","protected":false},"excerpt":{"rendered":"<p>Xalapa, Ver.- El delegado federal de la Secretar\u00eda de Bienestar, Manuel Huerta Ladr\u00f3n de Guevara, inform\u00f3, que adelantar\u00e1n el pago de dos bimestres de los programas sociales entregar\u00e1n dos dep\u00f3sitos juntos en la siguiente semana ante las medidas preventivas de salud. En rueda de prensa en el palacio de gobierno junto al gobernador de Veracruz, [&hellip;]<\/p>\n","protected":false},"author":1,"featured_media":1063,"comment_status":"open","ping_status":"open","sticky":false,"template":"","format":"standard","meta":{"_jetpack_memberships_contains_paid_content":false,"footnotes":""},"categories":[2],"tags":[],"class_list":["post-1062","post","type-post","status-publish","format-standard","has-post-thumbnail","hentry","category-estado"],"jetpack_featured_media_url":"https:\/\/encuentroinformativo.com.mx\/wp-content\/uploads\/2020\/03\/772B544C-37C8-47BC-AC00-3AE2E3E30012.jpeg","jetpack_sharing_enabled":true,"jetpack_likes_enabled":true,"amp_enabled":true,"_links":{"self":[{"href":"https:\/\/encuentroinformativo.com.mx\/index.php?rest_route=\/wp\/v2\/posts\/1062","targetHints":{"allow":["GET"]}}],"collection":[{"href":"https:\/\/encuentroinformativo.com.mx\/index.php?rest_route=\/wp\/v2\/posts"}],"about":[{"href":"https:\/\/encuentroinformativo.com.mx\/index.php?rest_route=\/wp\/v2\/types\/post"}],"author":[{"embeddable":true,"href":"https:\/\/encuentroinformativo.com.mx\/index.php?rest_route=\/wp\/v2\/users\/1"}],"replies":[{"embeddable":true,"href":"https:\/\/encuentroinformativo.com.mx\/index.php?rest_route=%2Fwp%2Fv2%2Fcomments&post=1062"}],"version-history":[{"count":1,"href":"https:\/\/encuentroinformativo.com.mx\/index.php?rest_route=\/wp\/v2\/posts\/1062\/revisions"}],"predecessor-version":[{"id":1064,"href":"https:\/\/encuentroinformativo.com.mx\/index.php?rest_route=\/wp\/v2\/posts\/1062\/revisions\/1064"}],"wp:featuredmedia":[{"embeddable":true,"href":"https:\/\/encuentroinformativo.com.mx\/index.php?rest_route=\/wp\/v2\/media\/1063"}],"wp:attachment":[{"href":"https:\/\/encuentroinformativo.com.mx\/index.php?rest_route=%2Fwp%2Fv2%2Fmedia&parent=1062"}],"wp:term":[{"taxonomy":"category","embeddable":true,"href":"https:\/\/encuentroinformativo.com.mx\/index.php?rest_route=%2Fwp%2Fv2%2Fcategories&post=1062"},{"taxonomy":"post_tag","embeddable":true,"href":"https:\/\/encuentroinformativo.com.mx\/index.php?rest_route=%2Fwp%2Fv2%2Ftags&post=1062"}],"curies":[{"name":"wp","href":"https:\/\/api.w.org\/{rel}","templated":true}]}}