{"id":10625,"date":"2021-01-30T15:53:17","date_gmt":"2021-01-30T21:53:17","guid":{"rendered":"https:\/\/encuentroinformativo.com.mx\/?p=10625"},"modified":"2021-01-30T15:53:19","modified_gmt":"2021-01-30T21:53:19","slug":"integrantes-del-comite-de-morena-respaldan-alianza","status":"publish","type":"post","link":"https:\/\/encuentroinformativo.com.mx\/?p=10625","title":{"rendered":"Integrantes del comit\u00e9 de Morena respaldan alianza"},"content":{"rendered":"\n<p><strong>Dar\u00edo Pale <\/strong><\/p>\n\n\n\n<p>Xalapa, Ver.- Integrantes del Comit\u00e9 Ejecutivo Estatal (CEE) del Movimiento de Regeneraci\u00f3n Nacional (Morena), respaldan la alianza \u201cJuntos Haremos Historia&#8221;, por lo que los\u00a0secretarios respaldaron la alianza que conform\u00f3 el movimiento junto con el Partido del Trabajo (PT) y el Partido Verde Ecologista de M\u00e9xico (PVEM).<\/p>\n\n\n\n<p>En conferencia de prensa realizada en conocido hotel de la calle de Zaragoza, Yair Ademar Dom\u00ednguez V\u00e1zquez, Secretario de Organizaci\u00f3n; Jos\u00e9 \u00c1ngel Echeverr\u00eda Escamilla, Secretario de J\u00f3venes; Alejandro Moreno Hern\u00e1nez, Secretario de Derechos Humanos y Sociales; Carol Esbeidy Conde Mart\u00ednez, Secretaria de Arte y Cultura y David Alem\u00e1n Ocampo, Secretario de Producci\u00f3n y Trabajo desconocieron el o los motivos que han llevado al Secretario General del Comit\u00e9 a criticar la alianza.<\/p>\n\n\n\n<p>\u201cQuienes formamos parte del Comit\u00e9 Ejecutivo Estatal respaldamos esta alianza pues fue avalada por el Pleno del Consejo Nacional de Morena, as\u00ed como por el Comit\u00e9 Ejecutivo Nacional, misma que fue firmada por Mario Delgado, Presidente Nacional del Movimiento y Citlalli Hern\u00e1ndez, secretaria general\u201d, informaron.<\/p>\n\n\n\n<p>Adem\u00e1s se\u00f1alaron que por parte del Partido del Trabajo (PT), se incluye la firma de Ram\u00f3n D\u00edaz \u00c1vila, Comisionado Pol\u00edtico Nacional en Veracruz y del Partido Verde Ecologista de M\u00e9xico (PVEM), la firm\u00f3 Carlos Marcelo Ruiz S\u00e1nchez dirigente estatal del Partido en Veracruz.<\/p>\n\n\n\n<p>\u201cDesconocemos lo dicho por nuestro compa\u00f1ero Secretario General, pues si el partido no le notific\u00f3 sobre esta alianza, lamentamos tambi\u00e9n su falta de inter\u00e9s al no enterarse a trav\u00e9s de las v\u00edas oficiales\u201d, comentaron.<\/p>\n\n\n\n<p>Recalcaron que con esta coalici\u00f3n, los l\u00edderes partidistas buscar\u00e1n a las y los mejores ciudadanos que representen la alianza en los distritos y municipios como candidatos, es decir hombres y mujeres de principios y valores, para que la cuarta transformaci\u00f3n siga su rumbo atendiendo a los ciudadanos que m\u00e1s lo necesitan.<\/p>\n\n\n\n<p>Los morenistas expresaron que los partidos conservadores se quitaron las m\u00e1scaras y mostraron su verdadero rostro, el de la corrupci\u00f3n y se muestran nerviosos porque han perdido sus privilegios y quieren recuperarlos,\u00a0\u201csin embargo, MORENA, el Partido del Trabajo y el Partido Verde vamos juntos, porque reconocemos la fuerza pol\u00edtica y la representatividad de cada organizaci\u00f3n\u201d.<\/p>\n\n\n\n<p>Manifestaron su respaldo y compromiso con MORENA y los militantes y simpatizantes del movimiento, se\u00f1alaron que los l\u00edderes nacionales de Morena, Partido del Trabajo y Partido Verde Ecologista de M\u00e9xico, trabajar\u00e1n de forma conjunta y llevar a los hombres y mujeres que mejor los representen en el proceso electoral 2020-2021.<\/p>\n\n\n\n<p>Por lo que hicieron un llamado a l\u00edderes partidistas, bases, simpatizantes, amigos, compa\u00f1eros y actores pol\u00edticos de todo el estado, \u201cpara que cerremos filas ante esta alianza que no es s\u00f3lo de Veracruz, sino de M\u00e9xico, porque con ella vamos a garantizar la representaci\u00f3n popular que necesitamos para que la Cuarta transformaci\u00f3n siga su rumbo\u201d.<\/p>\n\n\n\n<p>\u201cNo olvidemos que en Morena nos une el esp\u00edritu de lucha, de lucha por una transformaci\u00f3n verdadera, sin que los intereses personales se antepongan a los intereses del pueblo\u201d, finalizaron.<\/p>\n","protected":false},"excerpt":{"rendered":"<p>Dar\u00edo Pale Xalapa, Ver.- Integrantes del Comit\u00e9 Ejecutivo Estatal (CEE) del Movimiento de Regeneraci\u00f3n Nacional (Morena), respaldan la alianza \u201cJuntos Haremos Historia&#8221;, por lo que los\u00a0secretarios respaldaron la alianza que conform\u00f3 el movimiento junto con el Partido del Trabajo (PT) y el Partido Verde Ecologista de M\u00e9xico (PVEM). En conferencia de prensa realizada en conocido [&hellip;]<\/p>\n","protected":false},"author":1,"featured_media":10626,"comment_status":"open","ping_status":"open","sticky":false,"template":"","format":"standard","meta":{"_jetpack_memberships_contains_paid_content":false,"footnotes":""},"categories":[3],"tags":[],"class_list":["post-10625","post","type-post","status-publish","format-standard","has-post-thumbnail","hentry","category-xalapa"],"jetpack_featured_media_url":"https:\/\/encuentroinformativo.com.mx\/wp-content\/uploads\/2021\/01\/2993C6B7-D1B9-4E42-B50D-2AFA61BE5580.jpeg","jetpack_sharing_enabled":true,"jetpack_likes_enabled":true,"amp_enabled":true,"_links":{"self":[{"href":"https:\/\/encuentroinformativo.com.mx\/index.php?rest_route=\/wp\/v2\/posts\/10625","targetHints":{"allow":["GET"]}}],"collection":[{"href":"https:\/\/encuentroinformativo.com.mx\/index.php?rest_route=\/wp\/v2\/posts"}],"about":[{"href":"https:\/\/encuentroinformativo.com.mx\/index.php?rest_route=\/wp\/v2\/types\/post"}],"author":[{"embeddable":true,"href":"https:\/\/encuentroinformativo.com.mx\/index.php?rest_route=\/wp\/v2\/users\/1"}],"replies":[{"embeddable":true,"href":"https:\/\/encuentroinformativo.com.mx\/index.php?rest_route=%2Fwp%2Fv2%2Fcomments&post=10625"}],"version-history":[{"count":1,"href":"https:\/\/encuentroinformativo.com.mx\/index.php?rest_route=\/wp\/v2\/posts\/10625\/revisions"}],"predecessor-version":[{"id":10627,"href":"https:\/\/encuentroinformativo.com.mx\/index.php?rest_route=\/wp\/v2\/posts\/10625\/revisions\/10627"}],"wp:featuredmedia":[{"embeddable":true,"href":"https:\/\/encuentroinformativo.com.mx\/index.php?rest_route=\/wp\/v2\/media\/10626"}],"wp:attachment":[{"href":"https:\/\/encuentroinformativo.com.mx\/index.php?rest_route=%2Fwp%2Fv2%2Fmedia&parent=10625"}],"wp:term":[{"taxonomy":"category","embeddable":true,"href":"https:\/\/encuentroinformativo.com.mx\/index.php?rest_route=%2Fwp%2Fv2%2Fcategories&post=10625"},{"taxonomy":"post_tag","embeddable":true,"href":"https:\/\/encuentroinformativo.com.mx\/index.php?rest_route=%2Fwp%2Fv2%2Ftags&post=10625"}],"curies":[{"name":"wp","href":"https:\/\/api.w.org\/{rel}","templated":true}]}}