{"id":10628,"date":"2021-01-30T16:47:46","date_gmt":"2021-01-30T22:47:46","guid":{"rendered":"https:\/\/encuentroinformativo.com.mx\/?p=10628"},"modified":"2021-01-30T16:47:48","modified_gmt":"2021-01-30T22:47:48","slug":"colocan-lonas-en-defensa-de-sierra-alta","status":"publish","type":"post","link":"https:\/\/encuentroinformativo.com.mx\/?p=10628","title":{"rendered":"Colocan lonas en defensa de Sierra Alta"},"content":{"rendered":"\n<p><strong>Dar\u00edo Pale <\/strong><\/p>\n\n\n\n<p>Xalapa, Ver.- Los propietarios de la zona boscosa de Coatepec volvieron a colocar la lona que el municipio les hab\u00eda retirado del parque que est\u00e1 frente al palacio municipal en la cual exigen que se les resuelva la invasi\u00f3n de terrenos que est\u00e1n sufriendo desde hace a\u00f1o y medio pero las autoridades no han hecho caso lo cual es muy preocupante.<\/p>\n\n\n\n<p>Entrevistado durante una manifestaci\u00f3n pac\u00edfica frente a palacio municipal Ari Sebasti\u00e1n Bricman exigi\u00f3 un alto a la invasi\u00f3n en la llamada &#8220;Sierra Alta&#8221;, para lo cual\u00a0colgaron una amplia lona en el parque &#8220;Miguel Hidalgo&#8221; con las consignas dirigidas a los tres niveles de Gobierno.<\/p>\n\n\n\n<p>El mensaje dice:\u00a0<br>\u00danete por la defensa de la sierra. No a la invasi\u00f3n, ni deforestaci\u00f3n. Los bosques y r\u00edos en Coatepec est\u00e1n en peligro. Exigimos la atenci\u00f3n de las autoridades y castigo para los infractores.<br>Y finalmente indica &#8220;Propietarios en lucha #PorLaDefensaDeLaSierra&#8221;.<\/p>\n\n\n\n<p>Finalmente record\u00f3 que con esta invasi\u00f3n se est\u00e1n afectando a 500 propietarios aproximadamente, por lo que contin\u00faan el proceso en los tribunales pero al parecer tienen miedo de hacer alg\u00fan movimiento ya que por ser a\u00f1o electoral podr\u00edan perder algunos votos y eso es da mucho miedo por lo que se les hace una falta de respeto a los ciudadanos normales.<\/p>\n","protected":false},"excerpt":{"rendered":"<p>Dar\u00edo Pale Xalapa, Ver.- Los propietarios de la zona boscosa de Coatepec volvieron a colocar la lona que el municipio les hab\u00eda retirado del parque que est\u00e1 frente al palacio municipal en la cual exigen que se les resuelva la invasi\u00f3n de terrenos que est\u00e1n sufriendo desde hace a\u00f1o y medio pero las autoridades no [&hellip;]<\/p>\n","protected":false},"author":1,"featured_media":10629,"comment_status":"open","ping_status":"open","sticky":false,"template":"","format":"standard","meta":{"_jetpack_memberships_contains_paid_content":false,"footnotes":""},"categories":[8],"tags":[],"class_list":["post-10628","post","type-post","status-publish","format-standard","has-post-thumbnail","hentry","category-region"],"jetpack_featured_media_url":"https:\/\/encuentroinformativo.com.mx\/wp-content\/uploads\/2021\/01\/65345FBA-7CEE-4F63-AE89-7B98C37EB715.jpeg","jetpack_sharing_enabled":true,"jetpack_likes_enabled":true,"amp_enabled":true,"_links":{"self":[{"href":"https:\/\/encuentroinformativo.com.mx\/index.php?rest_route=\/wp\/v2\/posts\/10628","targetHints":{"allow":["GET"]}}],"collection":[{"href":"https:\/\/encuentroinformativo.com.mx\/index.php?rest_route=\/wp\/v2\/posts"}],"about":[{"href":"https:\/\/encuentroinformativo.com.mx\/index.php?rest_route=\/wp\/v2\/types\/post"}],"author":[{"embeddable":true,"href":"https:\/\/encuentroinformativo.com.mx\/index.php?rest_route=\/wp\/v2\/users\/1"}],"replies":[{"embeddable":true,"href":"https:\/\/encuentroinformativo.com.mx\/index.php?rest_route=%2Fwp%2Fv2%2Fcomments&post=10628"}],"version-history":[{"count":1,"href":"https:\/\/encuentroinformativo.com.mx\/index.php?rest_route=\/wp\/v2\/posts\/10628\/revisions"}],"predecessor-version":[{"id":10630,"href":"https:\/\/encuentroinformativo.com.mx\/index.php?rest_route=\/wp\/v2\/posts\/10628\/revisions\/10630"}],"wp:featuredmedia":[{"embeddable":true,"href":"https:\/\/encuentroinformativo.com.mx\/index.php?rest_route=\/wp\/v2\/media\/10629"}],"wp:attachment":[{"href":"https:\/\/encuentroinformativo.com.mx\/index.php?rest_route=%2Fwp%2Fv2%2Fmedia&parent=10628"}],"wp:term":[{"taxonomy":"category","embeddable":true,"href":"https:\/\/encuentroinformativo.com.mx\/index.php?rest_route=%2Fwp%2Fv2%2Fcategories&post=10628"},{"taxonomy":"post_tag","embeddable":true,"href":"https:\/\/encuentroinformativo.com.mx\/index.php?rest_route=%2Fwp%2Fv2%2Ftags&post=10628"}],"curies":[{"name":"wp","href":"https:\/\/api.w.org\/{rel}","templated":true}]}}