{"id":10637,"date":"2021-01-31T16:17:57","date_gmt":"2021-01-31T22:17:57","guid":{"rendered":"https:\/\/encuentroinformativo.com.mx\/?p=10637"},"modified":"2021-01-31T16:18:05","modified_gmt":"2021-01-31T22:18:05","slug":"por-insumos-inminente-alza-de-precios-a-tortillas","status":"publish","type":"post","link":"https:\/\/encuentroinformativo.com.mx\/?p=10637","title":{"rendered":"Por insumos, inminente alza de precios a tortillas"},"content":{"rendered":"\n<p><strong>Juan Arcos<\/strong><\/p>\n\n\n\n<p>Xalapa, Ver.- Es inminente el incremento en el precio de la tortilla y la masa en el estado de Veracruz, ante el encarecimiento del gas y el ma\u00edz.<\/p>\n\n\n\n<p>As\u00ed lo dio a conocer el presidente de la Consejo Nacional de la Tortilla, Homero L\u00f3pez Garc\u00eda, quien a\u00f1adi\u00f3 que depender\u00e1 de cada uno de los propietarios elevar el precio en caso de que sea necesario.<\/p>\n\n\n\n<p>&#8220;La industria de la masa y la tortilla el 48 por ciento lo ocupa el ma\u00edz y el 52 por ciento es de refacciones, el gas, la energ\u00eda el\u00e9ctrica, el agua, las rentas y todo lo dem\u00e1s que conlleva hacer tortillas\u201d, explic\u00f3.<\/p>\n\n\n\n<p>Por este motivo, algunos productores sostuvieron reuniones con la Secretar\u00eda de Econom\u00eda y empresas como Maseca para no elevar los precios durante enero.<\/p>\n\n\n\n<p>Sin embargo, hay compa\u00f1\u00edas de harina que tienen toda la intenci\u00f3n de aumentar mis precios del producto.<\/p>\n\n\n\n<p>L\u00f3pez Garc\u00eda se\u00f1al\u00f3 que existen las condiciones para que se d\u00e9 dicho incremento en la entidad veracruzana.<\/p>\n\n\n\n<p>\u201cDe que suba el precio, cu\u00e1nto y cu\u00e1ndo es de cada uno de los compa\u00f1eros&#8221;, refiri\u00f3 el entrevistado.<\/p>\n\n\n\n<p>Tambi\u00e9n revel\u00f3 que la Procuradur\u00eda Federal del Consumidor (Profeco) indicar\u00e1 que no hay par\u00e1metros para el encarecimiento del producto.<\/p>\n\n\n\n<p>Tambi\u00e9n indic\u00f3 que desde que inici\u00f3 este 2021 incrementaron los costos de refacciones, papel, aunque desde diciembre de 2020, resintieron seis incrementos en el gas.<\/p>\n","protected":false},"excerpt":{"rendered":"<p>Juan Arcos Xalapa, Ver.- Es inminente el incremento en el precio de la tortilla y la masa en el estado de Veracruz, ante el encarecimiento del gas y el ma\u00edz. As\u00ed lo dio a conocer el presidente de la Consejo Nacional de la Tortilla, Homero L\u00f3pez Garc\u00eda, quien a\u00f1adi\u00f3 que depender\u00e1 de cada uno de [&hellip;]<\/p>\n","protected":false},"author":1,"featured_media":10638,"comment_status":"open","ping_status":"open","sticky":false,"template":"","format":"standard","meta":{"_jetpack_memberships_contains_paid_content":false,"footnotes":""},"categories":[3],"tags":[],"class_list":["post-10637","post","type-post","status-publish","format-standard","has-post-thumbnail","hentry","category-xalapa"],"jetpack_featured_media_url":"https:\/\/encuentroinformativo.com.mx\/wp-content\/uploads\/2021\/01\/0923186A-8112-4F86-B0AA-4673CACE3A5E.jpeg","jetpack_sharing_enabled":true,"jetpack_likes_enabled":true,"amp_enabled":true,"_links":{"self":[{"href":"https:\/\/encuentroinformativo.com.mx\/index.php?rest_route=\/wp\/v2\/posts\/10637","targetHints":{"allow":["GET"]}}],"collection":[{"href":"https:\/\/encuentroinformativo.com.mx\/index.php?rest_route=\/wp\/v2\/posts"}],"about":[{"href":"https:\/\/encuentroinformativo.com.mx\/index.php?rest_route=\/wp\/v2\/types\/post"}],"author":[{"embeddable":true,"href":"https:\/\/encuentroinformativo.com.mx\/index.php?rest_route=\/wp\/v2\/users\/1"}],"replies":[{"embeddable":true,"href":"https:\/\/encuentroinformativo.com.mx\/index.php?rest_route=%2Fwp%2Fv2%2Fcomments&post=10637"}],"version-history":[{"count":1,"href":"https:\/\/encuentroinformativo.com.mx\/index.php?rest_route=\/wp\/v2\/posts\/10637\/revisions"}],"predecessor-version":[{"id":10639,"href":"https:\/\/encuentroinformativo.com.mx\/index.php?rest_route=\/wp\/v2\/posts\/10637\/revisions\/10639"}],"wp:featuredmedia":[{"embeddable":true,"href":"https:\/\/encuentroinformativo.com.mx\/index.php?rest_route=\/wp\/v2\/media\/10638"}],"wp:attachment":[{"href":"https:\/\/encuentroinformativo.com.mx\/index.php?rest_route=%2Fwp%2Fv2%2Fmedia&parent=10637"}],"wp:term":[{"taxonomy":"category","embeddable":true,"href":"https:\/\/encuentroinformativo.com.mx\/index.php?rest_route=%2Fwp%2Fv2%2Fcategories&post=10637"},{"taxonomy":"post_tag","embeddable":true,"href":"https:\/\/encuentroinformativo.com.mx\/index.php?rest_route=%2Fwp%2Fv2%2Ftags&post=10637"}],"curies":[{"name":"wp","href":"https:\/\/api.w.org\/{rel}","templated":true}]}}