{"id":10662,"date":"2021-02-01T13:25:31","date_gmt":"2021-02-01T19:25:31","guid":{"rendered":"https:\/\/encuentroinformativo.com.mx\/?p=10662"},"modified":"2021-02-01T13:25:39","modified_gmt":"2021-02-01T19:25:39","slug":"paridad-disfrazada","status":"publish","type":"post","link":"https:\/\/encuentroinformativo.com.mx\/?p=10662","title":{"rendered":"Paridad Disfrazada"},"content":{"rendered":"\n<p><strong>N\u00fameros Rojos<\/strong><\/p>\n\n\n\n<p><strong>Brenda Caballero<\/strong><\/p>\n\n\n\n<p>Despu\u00e9s de circular por redes sociales la planilla de posibles candidatos de la far\u00e1ndula por diversos partidos para las pr\u00f3ximas elecciones en el pa\u00eds, los mexicanos estallaron: &#8220;\u00bfC\u00f3mo es posible que \u00e9l o ella que se han movido en el medio art\u00edstico puedan llegar a una curul?&#8221; &#8220;\u00bfQu\u00e9 van a proponer?&#8221; &#8220;\u00a1Por eso estamos como estamos!\u201d<\/p>\n\n\n\n<p>En realidad, tienen el mismo derecho que usted o yo a votar y ser votados, as\u00ed lo marca la Constituci\u00f3n Pol\u00edtica de los Estados Unidos Mexicanos, y lo celebro. Es bastante obvio que los partidos pol\u00edticos lo hacen por obtener votos y no perder su registro. Por eso postulan a personajes conocidos, de la far\u00e1ndula o que tengan muchos likes en redes sociales, porque les funciona. As\u00ed de simple es la mentalidad de ganar un esca\u00f1o de algunos partidos. Aclaro, no todos. Muchos de ellos buscan candidatas o candidatos formados en sus cuadros y que capacitan d\u00eda con d\u00eda.\u00a0Aclaro tambi\u00e9n: muchos militantes est\u00e1n en desacuerdo con esas designaciones, cuantim\u00e1s los o las han dejado de lado para poner al de la fama o de los likes, cuando jam\u00e1s han posteado una sola foto de su labor para la comunidad donde radican o intenciones de mejorar las condiciones de los ciudadanos. Pero bueno, all\u00ed ya decide el elector en el momento de votar. El asunto no es la far\u00e1ndula sino la paridad. Es lamentable escuchar declaraciones como la de Paquita: \u201cYo no s\u00e9 a qu\u00e9 vengo aqu\u00ed \u00bfme entendieron? Yo s\u00f3lo s\u00e9 que hay personas detr\u00e1s de m\u00ed que son las que me van a ense\u00f1ar a manejar este asunto\u201d. Mis respetos a Paquita que fue sincera en su declaraci\u00f3n. Tache para el partido Movimiento Ciudadano que parece que \u00fanicamente utiliza su fama, y todav\u00eda presume cumplir con la paridad con su postulaci\u00f3n. \u00bfPara qu\u00e9 queremos en esca\u00f1os a mujeres manipuladas por esquemas patriarcales? Eso es Paridad Manipulada&#8230; pero no es el \u00fanico caso.<\/p>\n\n\n\n<p>Por desgracia, la paridad disfrazada tambi\u00e9n se da cuando la esposa, la hija, la mujer de la familia, es postulada a un cargo de elecci\u00f3n popular, simplemente porque \u201ctoca mujer\u201d pero detr\u00e1s de ella, hay un var\u00f3n. As\u00ed parece regulan la paridad al interior de los partidos. Lo m\u00e1s reciente es que tenemos hasta partidos familiares.\u00a0En Veracruz no es nuevo, ya lo hemos vivido en diversos partidos. Incluso la ex alcaldesa de Mixtla de Altamirano Maricela Vallejo Orea lo denunci\u00f3 en su momento. Le dieron la candidatura para que posteriormente renunciara y dejara el cargo al S\u00edndico.\u00a0En Veracruz ya arranc\u00f3 el proceso electoral; ya salieron las convocatorias; ya muchos y muchas se apuntan para buscar contender, pero \u00bfde verdad tendremos paridad de g\u00e9nero? \u00bfDe verdad las mujeres que se enlistan luchar\u00e1n por los derechos de las mujeres donde se tenga de aliados a los hombres? No necesitamos mujeres por n\u00famero; la paridad no es eso. La paridad debe defender nuestros derechos de manera activa y proactiva en espacios p\u00fablicos.<\/p>\n\n\n\n<p>Actualmente, en el Poder Legislativo ya tenemos paridad, pero le invito a preguntarse si han mejorado las condiciones de las mujeres en nuestro pa\u00eds, estado o municipio o solamente se trata de paridad disfrazada.<\/p>\n\n\n\n<p>Ojal\u00e1 que estos comicios nos traigan una paridad real, no simulada. Que tengamos mujeres en espacios pol\u00edticos no solamente por aspecto f\u00edsico o por parentela, sino comprometidas con la defensa de los derechos de las mujeres; que logren alianza con los hombres para que en conjunto se definan los roles de g\u00e9nero, tan necesarios para acabar con la desigualdad&#8230; pero al final, eso depende de todas y todos los que vamos a las urnas a ejercer nuestro derecho al voto.<\/p>\n\n\n\n<p>@NumerosRojos_BC<\/p>\n\n\n\n<p><a rel=\"noreferrer noopener\" href=\"mailto:caballero_brenda@hotmail.com\" target=\"_blank\">caballero_brenda@hotmail.com<\/a><\/p>\n","protected":false},"excerpt":{"rendered":"<p>N\u00fameros Rojos Brenda Caballero Despu\u00e9s de circular por redes sociales la planilla de posibles candidatos de la far\u00e1ndula por diversos partidos para las pr\u00f3ximas elecciones en el pa\u00eds, los mexicanos estallaron: &#8220;\u00bfC\u00f3mo es posible que \u00e9l o ella que se han movido en el medio art\u00edstico puedan llegar a una curul?&#8221; &#8220;\u00bfQu\u00e9 van a proponer?&#8221; [&hellip;]<\/p>\n","protected":false},"author":1,"featured_media":70,"comment_status":"open","ping_status":"open","sticky":false,"template":"","format":"standard","meta":{"_jetpack_memberships_contains_paid_content":false,"footnotes":""},"categories":[11],"tags":[],"class_list":["post-10662","post","type-post","status-publish","format-standard","has-post-thumbnail","hentry","category-opinion"],"jetpack_featured_media_url":"https:\/\/encuentroinformativo.com.mx\/wp-content\/uploads\/2020\/02\/opinion-invitado.jpg","jetpack_sharing_enabled":true,"jetpack_likes_enabled":true,"amp_enabled":true,"_links":{"self":[{"href":"https:\/\/encuentroinformativo.com.mx\/index.php?rest_route=\/wp\/v2\/posts\/10662","targetHints":{"allow":["GET"]}}],"collection":[{"href":"https:\/\/encuentroinformativo.com.mx\/index.php?rest_route=\/wp\/v2\/posts"}],"about":[{"href":"https:\/\/encuentroinformativo.com.mx\/index.php?rest_route=\/wp\/v2\/types\/post"}],"author":[{"embeddable":true,"href":"https:\/\/encuentroinformativo.com.mx\/index.php?rest_route=\/wp\/v2\/users\/1"}],"replies":[{"embeddable":true,"href":"https:\/\/encuentroinformativo.com.mx\/index.php?rest_route=%2Fwp%2Fv2%2Fcomments&post=10662"}],"version-history":[{"count":1,"href":"https:\/\/encuentroinformativo.com.mx\/index.php?rest_route=\/wp\/v2\/posts\/10662\/revisions"}],"predecessor-version":[{"id":10663,"href":"https:\/\/encuentroinformativo.com.mx\/index.php?rest_route=\/wp\/v2\/posts\/10662\/revisions\/10663"}],"wp:featuredmedia":[{"embeddable":true,"href":"https:\/\/encuentroinformativo.com.mx\/index.php?rest_route=\/wp\/v2\/media\/70"}],"wp:attachment":[{"href":"https:\/\/encuentroinformativo.com.mx\/index.php?rest_route=%2Fwp%2Fv2%2Fmedia&parent=10662"}],"wp:term":[{"taxonomy":"category","embeddable":true,"href":"https:\/\/encuentroinformativo.com.mx\/index.php?rest_route=%2Fwp%2Fv2%2Fcategories&post=10662"},{"taxonomy":"post_tag","embeddable":true,"href":"https:\/\/encuentroinformativo.com.mx\/index.php?rest_route=%2Fwp%2Fv2%2Ftags&post=10662"}],"curies":[{"name":"wp","href":"https:\/\/api.w.org\/{rel}","templated":true}]}}