{"id":10664,"date":"2021-02-01T13:27:54","date_gmt":"2021-02-01T19:27:54","guid":{"rendered":"https:\/\/encuentroinformativo.com.mx\/?p=10664"},"modified":"2021-02-01T13:27:56","modified_gmt":"2021-02-01T19:27:56","slug":"persona-o-personaje","status":"publish","type":"post","link":"https:\/\/encuentroinformativo.com.mx\/?p=10664","title":{"rendered":"Persona o Personaje"},"content":{"rendered":"\n<p><strong>Los Pol\u00edticos<\/strong>\u00a0<\/p>\n\n\n\n<p><strong>Salvador Mu\u00f1oz<\/strong><\/p>\n\n\n\n<p>Circula en redes una etiqueta con la siguiente leyenda: \u201cGobernar un pa\u00eds no es un espect\u00e1culo. Por favor, no voten por artistas, c\u00f3micos, futbolistas, etc\u00e9tera. Necesitamos gente pensante para sacar al pa\u00eds adelante\u201d.<\/p>\n\n\n\n<p>Si bien es posible que dentro de estos oficios que se citan hay personajes que en las redes sociales destacan m\u00e1s por yerros que por su trabajo, creo que no debemos generalizar porque realmente si nuestro estado, nuestro municipio o pa\u00eds est\u00e1 en las condiciones que usted quiera verlo, no creo que sea por Paty Navidad, por Chuponcito, por El Bofo Bautista o Paquita la del Barrio, muy en boga por estos d\u00edas\u2026 es decir, si estamos como estamos, es por una clase pol\u00edtica, por los pol\u00edticos\u2026 por supuesto que mi respuesta es tan simple como lo es la etiqueta que circula en redes sociales. La situaci\u00f3n del pa\u00eds es m\u00e1s compleja.<\/p>\n\n\n\n<p>He comentado ac\u00e1 en otras ocasiones que la incursi\u00f3n de personajes de la far\u00e1ndula fue una puerta que abri\u00f3 el PRI y es Irma Serrano el recuerdo m\u00e1s a\u00f1ejo que tengo de ello. Si recordamos, no hay que olvidar que hubo un momento en que el PRI o el Gobierno de M\u00e9xico, o los dos, no recuerdo con certeza, consider\u00f3 entre los presidenciables a Mario Moreno \u201cCantinflas\u201d, personaje que desde los 50 \u00f3 60, el sistema sigui\u00f3 sus pasos y no s\u00f3lo como actor, c\u00f3mico, sino tambi\u00e9n como titular de la Asociaci\u00f3n Nacional de Actores (ANDA) por el liderazgo que ejerc\u00eda en \u00e9l. Al final, el candidato fue Miguel de la Madrid Hurtado.<\/p>\n\n\n\n<p>Si eso le sorprende, s\u00f3lo recuerde que ac\u00e1 en Veracruz ya hemos tenido pol\u00edticos faranduleros o faranduleros pol\u00edticos y eso no creo que haya demeritado su labor: Carlos Dar\u00edo Oma\u00f1a, quien fue alcalde de Altotonga; el Flamer Roberto Bueno Campos que si no mal recuerdo, que adem\u00e1s de alcalde, diputado fue\u2026 digo, para que le hayan dado el voto dos ocasiones (\u00bfo tres?), algo bien debi\u00f3 hacer\u2026<\/p>\n\n\n\n<p>Se juzga a Paquita la del Barrio por decir la verdad\u2026 creo que los pol\u00edticos que desean participar como candidatos a diputados, tienen una idea m\u00e1s clara de lo que ser\u00eda su labor en el Congreso. En el caso de la cantante, invitada a participar, no\u2026 pero los partidos, todos, pagan en sus bancadas, el apoyo de asesores que se saben el teje y maneje de las Leyes, como en el PAN, que tienen a Juan Jos\u00e9 Rivera Castellanos, que bien pudo participar para la Fiscal\u00eda General del Estado o alguna Magistratura\u2026 o de plano, con el tama\u00f1o suficiente para ser un aut\u00e9ntico Legislador\u2026 quiz\u00e1s alg\u00fan d\u00eda le haga justicia la Revoluci\u00f3n, dijeran.<\/p>\n\n\n\n<p>A lo que voy, insisto, es que el ciudadano mexicano o veracruzano, tiene derecho a votar y ser votado. \u00bfA usted le molesta que aparezca Paquita la del Barrio en una boleta? es sencillo, a la hora de votar, tache su rostro y desahogue all\u00ed su rencor contra el partido que la postul\u00f3\u2026 ok\u2026 es mala idea eso\u2026 se puede confundir\u2026 pero esto es tan simple como cambiarle de canal a la tele o dejar de leer esta columna y buscar una que eche pestes del PRI, del PAN, de Morena&#8230; usted decide a qui\u00e9n le da su voto y a qui\u00e9n no.<\/p>\n\n\n\n<p>Ya en serio, h\u00e1gase esta pregunta: \u00bfel ciudadano com\u00fan, el que anda de a pie, el que es seguro que jam\u00e1s de los jamases plante su vista ante este texto, al que literalmente le vale madre su opini\u00f3n o la m\u00eda\u2026 en qui\u00e9n cree que podr\u00eda confiar m\u00e1s: en un pol\u00edtico o en Paquita la del Barrio?<\/p>\n\n\n\n<p>S\u00ed, a veces somos pretenciosos bienintencionados porque en realidad, cada vez que uno va a depositar su voto en la urna, lo que se quiere es que a la ciudad, al estado, al pa\u00eds, le vaya mejor\u2026 pero con el candidato al que le estamos dando nuestro voto, porque \u00e9se o \u00e9sa, es el bueno o la buena\u2026 los otros, no.<\/p>\n\n\n\n<p>El asunto final es que por un lado, encasillamos a las personas en sus personajes\u2026 no vemos a Carlos Villagr\u00e1n, sino a Kiko; no vemos a Francisca Viveros, sino a Paquita la del Barrio\u2026 no vemos a V\u00edctor Trujillo, vemos a Brozo. S\u00ed, s\u00e9 que Brozo no va a participar, pero si lo lanzaran como candidato a diputado, \u00bfla pol\u00edtica entonces dejar\u00eda de ser espect\u00e1culo? Cuesti\u00f3n de enfoques\u2026 y a veces de intereses.<\/p>\n\n\n\n<p><a href=\"mailto:smcainito@gmail.com\" target=\"_blank\" rel=\"noreferrer noopener\">smcainito@gmail.com<\/a><\/p>\n","protected":false},"excerpt":{"rendered":"<p>Los Pol\u00edticos\u00a0 Salvador Mu\u00f1oz Circula en redes una etiqueta con la siguiente leyenda: \u201cGobernar un pa\u00eds no es un espect\u00e1culo. Por favor, no voten por artistas, c\u00f3micos, futbolistas, etc\u00e9tera. Necesitamos gente pensante para sacar al pa\u00eds adelante\u201d. Si bien es posible que dentro de estos oficios que se citan hay personajes que en las redes [&hellip;]<\/p>\n","protected":false},"author":1,"featured_media":70,"comment_status":"open","ping_status":"open","sticky":false,"template":"","format":"standard","meta":{"_jetpack_memberships_contains_paid_content":false,"footnotes":""},"categories":[11],"tags":[],"class_list":["post-10664","post","type-post","status-publish","format-standard","has-post-thumbnail","hentry","category-opinion"],"jetpack_featured_media_url":"https:\/\/encuentroinformativo.com.mx\/wp-content\/uploads\/2020\/02\/opinion-invitado.jpg","jetpack_sharing_enabled":true,"jetpack_likes_enabled":true,"amp_enabled":true,"_links":{"self":[{"href":"https:\/\/encuentroinformativo.com.mx\/index.php?rest_route=\/wp\/v2\/posts\/10664","targetHints":{"allow":["GET"]}}],"collection":[{"href":"https:\/\/encuentroinformativo.com.mx\/index.php?rest_route=\/wp\/v2\/posts"}],"about":[{"href":"https:\/\/encuentroinformativo.com.mx\/index.php?rest_route=\/wp\/v2\/types\/post"}],"author":[{"embeddable":true,"href":"https:\/\/encuentroinformativo.com.mx\/index.php?rest_route=\/wp\/v2\/users\/1"}],"replies":[{"embeddable":true,"href":"https:\/\/encuentroinformativo.com.mx\/index.php?rest_route=%2Fwp%2Fv2%2Fcomments&post=10664"}],"version-history":[{"count":1,"href":"https:\/\/encuentroinformativo.com.mx\/index.php?rest_route=\/wp\/v2\/posts\/10664\/revisions"}],"predecessor-version":[{"id":10665,"href":"https:\/\/encuentroinformativo.com.mx\/index.php?rest_route=\/wp\/v2\/posts\/10664\/revisions\/10665"}],"wp:featuredmedia":[{"embeddable":true,"href":"https:\/\/encuentroinformativo.com.mx\/index.php?rest_route=\/wp\/v2\/media\/70"}],"wp:attachment":[{"href":"https:\/\/encuentroinformativo.com.mx\/index.php?rest_route=%2Fwp%2Fv2%2Fmedia&parent=10664"}],"wp:term":[{"taxonomy":"category","embeddable":true,"href":"https:\/\/encuentroinformativo.com.mx\/index.php?rest_route=%2Fwp%2Fv2%2Fcategories&post=10664"},{"taxonomy":"post_tag","embeddable":true,"href":"https:\/\/encuentroinformativo.com.mx\/index.php?rest_route=%2Fwp%2Fv2%2Ftags&post=10664"}],"curies":[{"name":"wp","href":"https:\/\/api.w.org\/{rel}","templated":true}]}}